{"id":10002,"date":"2022-10-25T18:04:04","date_gmt":"2022-10-25T23:04:04","guid":{"rendered":"https:\/\/podernacional.com\/?p=10002"},"modified":"2022-10-25T23:04:06","modified_gmt":"2022-10-25T23:04:06","slug":"hoteleros-de-cancun-crearian-un-medio-de-noticias-para-competir-con-la-prensa","status":"publish","type":"post","link":"https:\/\/podernacional.com\/?p=10002","title":{"rendered":"Hoteleros de Canc\u00fan crear\u00edan un medio de noticias para competir con la prensa"},"content":{"rendered":"<h4>El proyecto del Consejo Hotelero del Caribe Mexicano crear\u00eda una agencia \u201cnoticiosa\u201d.<\/h4>\n<p>Hoteleros de Canc\u00fan: El cual es para comunicar a los socios comerciales la \u201crealidad\u201d de hechos delictivos que en forma err\u00f3nea sean ubicados.<\/p>\n<p>Esto\u00a0en la zona tur\u00edstica para no afectar el flujo tur\u00edstico.<\/p>\n<p>De acuerdo con Jes\u00fas Almaguer Salazar, presidente de la Asociaci\u00f3n de Hoteles de Canc\u00fan, Puerto Morelos e Isla Mujeres.<\/p>\n<p>Por ende\u00a0la informaci\u00f3n medi\u00e1tica debe ser \u201cmatizada y contextualizada\u201d para no afectar la llegada de turistas extranjeros al Caribe mexicano.<\/p>\n<p>En ese sentido, el l\u00edder hotelero del principal destino tur\u00edstico del pa\u00eds \u2014seg\u00fan los indicadores de la Secretar\u00eda de Turismo (Sectur)\u2014 .<\/p>\n<p>Con esto se dijo que \u201cla inseguridad a\u00fan no es tema en reuniones con los c\u00f3nsules de Estados Unidos\u201d.<\/p>\n<p>\u201cLo que s\u00ed les genera preocupaci\u00f3n es la trata infantil\u201d.<\/p>\n<p>Sostuvo que hay ocasiones en que los hechos delictivos ocurren en la periferia de la ciudad.<\/p>\n<p>Ademas que a nivel medi\u00e1tico la noticia se maneja como si hubieran ocurrido en las zonas de mayor concentraci\u00f3n de turistas.<\/p>\n<h4>Lo que \u201cafecta la imagen del destino\u201d.<\/h4>\n<p>Y precis\u00f3 que es posible que las asociaciones hoteleras conformen una agencia.<\/p>\n<p>Menciona que su finalidad ser\u00e1 comunicar a sus socios comerciales \u201cla realidad\u201d.<\/p>\n<p>Esto de lo que ocurra en esos casos para que no repercuta en el arribo de turismo internacional a la entidad.<\/p>\n<p>La \u201cjoya tur\u00edstica\u201d, gobernada hasta maro por Mar\u00eda Elena Hermelinda Lezama Espinosa.<\/p>\n<p>Por ende\u00a0es considerada de las ciudades m\u00e1s peligrosas de M\u00e9xico en la encuesta de seguridad urbana del Instituto Nacional de Estad\u00edstica y Geograf\u00eda (Inegi).<\/p>\n<p>Al menos 80 por ciento de residentes mayores de 18 a\u00f1os de Canc\u00fan considera que es insegura.<\/p>\n<p>En los \u00faltimos tres a\u00f1os, en Quintana Roo se han registrado 28 homicidios de extranjeros y cuatro fueron con violencia.<\/p>\n<p>Esto\u00a0de acuerdo con la Fiscal\u00eda General del Estado.<\/p>\n<h4>Sin embargo, seg\u00fan publicaciones de la dependencia en redes sociales, esa cifra ser\u00eda a\u00fan mayor.<\/h4>\n<p>Un an\u00e1lisis entregado v\u00eda Transparencia y las publicaciones en Twitter, indican que en 2021 y 2022 habr\u00eda cuando menos cinco homicidios.<\/p>\n<p>As\u00ed como\u00a0un feminicidio m\u00e1s de los que inform\u00f3 la dependencia a una solicitud presentada por el portal Latinus.<\/p>\n<p>En siete de los 11 municipios se registr\u00f3 al menos un homicidio de extranjeros:<\/p>\n<p>Los primeros lugares los tuvieron Benito Ju\u00e1rez con 12 muertes, Tulum con siete y Solidaridad con tres. En 2019 hubo 20 muertes; en 2020.<\/p>\n<p>As\u00ed como seis, y en 2021 dos. Respecto a 2022, la Fiscal\u00eda no entreg\u00f3 datos, pese a que se le solicitaron.<\/p>\n<p>Al consultar los comunicados de la Fiscal\u00eda de Quintana Roo, se detect\u00f3 que en 2021 y 2022 hubo cinco homicidios y un feminicidio de extranjeros.<\/p>\n<p>Dichos\u00a0hechos que no fueron informados en la respuesta a la solicitud v\u00eda Transparencia.<\/p>\n<p>Hoteleros de Canc\u00fan<\/p>\n","protected":false},"excerpt":{"rendered":"<p>El proyecto del Consejo Hotelero del Caribe Mexicano crear\u00eda una agencia \u201cnoticiosa\u201d. Hoteleros de Canc\u00fan: El cual es para comunicar a los socios comerciales la \u201crealidad\u201d de hechos delictivos que en forma err\u00f3nea sean ubicados. Esto\u00a0en la zona tur\u00edstica para no afectar el flujo tur\u00edstico. De acuerdo con Jes\u00fas Almaguer Salazar, presidente de la Asociaci\u00f3n [&hellip;]<\/p>\n","protected":false},"author":1,"featured_media":10004,"comment_status":"open","ping_status":"closed","sticky":false,"template":"","format":"standard","meta":{"footnotes":""},"categories":[6,8,9,10],"tags":[],"class_list":["post-10002","post","type-post","status-publish","format-standard","has-post-thumbnail","hentry","category-local","category-policia","category-politica","category-quintana-roo"],"_links":{"self":[{"href":"https:\/\/podernacional.com\/index.php?rest_route=\/wp\/v2\/posts\/10002","targetHints":{"allow":["GET"]}}],"collection":[{"href":"https:\/\/podernacional.com\/index.php?rest_route=\/wp\/v2\/posts"}],"about":[{"href":"https:\/\/podernacional.com\/index.php?rest_route=\/wp\/v2\/types\/post"}],"author":[{"embeddable":true,"href":"https:\/\/podernacional.com\/index.php?rest_route=\/wp\/v2\/users\/1"}],"replies":[{"embeddable":true,"href":"https:\/\/podernacional.com\/index.php?rest_route=%2Fwp%2Fv2%2Fcomments&post=10002"}],"version-history":[{"count":1,"href":"https:\/\/podernacional.com\/index.php?rest_route=\/wp\/v2\/posts\/10002\/revisions"}],"predecessor-version":[{"id":10003,"href":"https:\/\/podernacional.com\/index.php?rest_route=\/wp\/v2\/posts\/10002\/revisions\/10003"}],"wp:featuredmedia":[{"embeddable":true,"href":"https:\/\/podernacional.com\/index.php?rest_route=\/wp\/v2\/media\/10004"}],"wp:attachment":[{"href":"https:\/\/podernacional.com\/index.php?rest_route=%2Fwp%2Fv2%2Fmedia&parent=10002"}],"wp:term":[{"taxonomy":"category","embeddable":true,"href":"https:\/\/podernacional.com\/index.php?rest_route=%2Fwp%2Fv2%2Fcategories&post=10002"},{"taxonomy":"post_tag","embeddable":true,"href":"https:\/\/podernacional.com\/index.php?rest_route=%2Fwp%2Fv2%2Ftags&post=10002"}],"curies":[{"name":"wp","href":"https:\/\/api.w.org\/{rel}","templated":true}]}}