{"id":10005,"date":"2022-10-25T18:51:16","date_gmt":"2022-10-25T23:51:16","guid":{"rendered":"https:\/\/podernacional.com\/?p=10005"},"modified":"2022-10-25T23:51:17","modified_gmt":"2022-10-25T23:51:17","slug":"proponen-paraderos-de-transporte-nocturno-para-trabajadores-de-cancun","status":"publish","type":"post","link":"https:\/\/podernacional.com\/?p=10005","title":{"rendered":"Proponen paraderos de transporte nocturno para trabajadores de Canc\u00fan"},"content":{"rendered":"<h4>Recientemente, conductores acusaron a taxistas de sembrar temor en el paradero para que no circulen en las noches.<\/h4>\n<p>Paraderos de transporte: Impulsar\u00e1n estaciones de transporte p\u00fablico para trabajadores.<\/p>\n<p>La Canirac, en conjunto con autoridades, buscar\u00e1 estaciones de transporte p\u00fablico en las noches para los colaboradores puedan regresar a sus casas de manera segura.<\/p>\n<p>Esto luego de la problem\u00e1tica que se tiene de movilidad por un tema de seguridad.<\/p>\n<p>Julio Villarreal Zapata, presidente de la C\u00e1mara Nacional de la Industria de Restaurantes y Alimentos Condimentados (Canirac), en Canc\u00fan.<\/p>\n<p>Ademas que\u00a0mencion\u00f3 que la finalidad es que estos puntos tengan vigilancia e incluso c\u00e1maras conectadas al C5.<\/p>\n<p>Ya que existen m\u00e1s de 800 colaboradores que utilizan el transporte en la noche.<\/p>\n<p>Ademas que ahora est\u00e1n padeciendo por las amenazas de los taxistas a los autobuses.<\/p>\n<p>\u201cVamos a tener una reuni\u00f3n con Cristina Torres, secretaria de Gobierno del estado, junto con los transportistas para abordar el tema, que es complicado\u201d.<\/p>\n<p>\u201cPero debemos tener una soluci\u00f3n, ya que esto afecta a la poblaci\u00f3n y, sobre todo, a los que salen de noche de laborar\u201d, explic\u00f3.<\/p>\n<p>Esperan que la reuni\u00f3n sea antes de la primera quincena de noviembre.<\/p>\n<p>Ademas\u00a0ya que es importante una soluci\u00f3n pronta que permita garantizar la seguridad de quienes deben salir.<\/p>\n<p>As\u00ed como de\u00a0utilizar este medio de transporte despu\u00e9s de las 22:00 horas.<\/p>\n<h4>Mencion\u00f3 que luego de la situaci\u00f3n que han tenido est\u00e1n apoy\u00e1ndose en salidas conjuntas para que no aborden solos unidades de taxis.<\/h4>\n<p>O\u00a0quien pueda les ayuda a llevarlos a sus viviendas en sus veh\u00edculos.<\/p>\n<p>\u201cEn rutas espec\u00edficas, lo que se requiere es que sigan operando despu\u00e9s de las 22:00 horas\u201d.<\/p>\n<p>\u201cPero tambi\u00e9n que se hagan acciones de mejoramiento en cuanto a la seguridad\u201d.<\/p>\n<p>\u201cPor ello las rutas deben considerar patrullas, c\u00e1maras y evitar delitos\u201d, explic\u00f3.<\/p>\n<p>Choferes acusan a taxistas de `sembrar temor\u00b4 en paradero de Las Am\u00e9ricas<\/p>\n<p>Recordar que las empresas de transporte (Paraderos de transporte).<\/p>\n<p>As\u00ed como Canirac, dieron a conocer que el gremio de taxistas estaba amenazando a los choferes del transporte.<\/p>\n<p>Esto\u00a0para que no circulen en las noches, algo que afecta a la movilidad y seguridad de la poblaci\u00f3n que requieren usar medio de transporte.<\/p>\n","protected":false},"excerpt":{"rendered":"<p>Recientemente, conductores acusaron a taxistas de sembrar temor en el paradero para que no circulen en las noches. Paraderos de transporte: Impulsar\u00e1n estaciones de transporte p\u00fablico para trabajadores. La Canirac, en conjunto con autoridades, buscar\u00e1 estaciones de transporte p\u00fablico en las noches para los colaboradores puedan regresar a sus casas de manera segura. Esto luego [&hellip;]<\/p>\n","protected":false},"author":1,"featured_media":10007,"comment_status":"open","ping_status":"closed","sticky":false,"template":"","format":"standard","meta":{"footnotes":""},"categories":[6,9],"tags":[],"class_list":["post-10005","post","type-post","status-publish","format-standard","has-post-thumbnail","hentry","category-local","category-politica"],"_links":{"self":[{"href":"https:\/\/podernacional.com\/index.php?rest_route=\/wp\/v2\/posts\/10005","targetHints":{"allow":["GET"]}}],"collection":[{"href":"https:\/\/podernacional.com\/index.php?rest_route=\/wp\/v2\/posts"}],"about":[{"href":"https:\/\/podernacional.com\/index.php?rest_route=\/wp\/v2\/types\/post"}],"author":[{"embeddable":true,"href":"https:\/\/podernacional.com\/index.php?rest_route=\/wp\/v2\/users\/1"}],"replies":[{"embeddable":true,"href":"https:\/\/podernacional.com\/index.php?rest_route=%2Fwp%2Fv2%2Fcomments&post=10005"}],"version-history":[{"count":1,"href":"https:\/\/podernacional.com\/index.php?rest_route=\/wp\/v2\/posts\/10005\/revisions"}],"predecessor-version":[{"id":10006,"href":"https:\/\/podernacional.com\/index.php?rest_route=\/wp\/v2\/posts\/10005\/revisions\/10006"}],"wp:featuredmedia":[{"embeddable":true,"href":"https:\/\/podernacional.com\/index.php?rest_route=\/wp\/v2\/media\/10007"}],"wp:attachment":[{"href":"https:\/\/podernacional.com\/index.php?rest_route=%2Fwp%2Fv2%2Fmedia&parent=10005"}],"wp:term":[{"taxonomy":"category","embeddable":true,"href":"https:\/\/podernacional.com\/index.php?rest_route=%2Fwp%2Fv2%2Fcategories&post=10005"},{"taxonomy":"post_tag","embeddable":true,"href":"https:\/\/podernacional.com\/index.php?rest_route=%2Fwp%2Fv2%2Ftags&post=10005"}],"curies":[{"name":"wp","href":"https:\/\/api.w.org\/{rel}","templated":true}]}}