{"id":10008,"date":"2022-10-25T18:57:39","date_gmt":"2022-10-25T23:57:39","guid":{"rendered":"https:\/\/podernacional.com\/?p=10008"},"modified":"2022-10-25T23:57:41","modified_gmt":"2022-10-25T23:57:41","slug":"con-acceso-a-la-salud-y-a-medicamentos-las-familias-de-zacatecas-tendran-bienestar-gobernador-david-monreal","status":"publish","type":"post","link":"https:\/\/podernacional.com\/?p=10008","title":{"rendered":"Con acceso a la salud y a medicamentos, las familias de Zacatecas tendr\u00e1n bienestar: Gobernador David Monreal"},"content":{"rendered":"<h4>El mandatario estatal encabez\u00f3 la celebraci\u00f3n del D\u00eda del M\u00e9dico en la Sala Magna del Centro Artesanal Platero, en Guadalupe, Zacatecas<\/h4>\n<p>Acceso a la salud: Los retos a los que se ha enfrenado esta administraci\u00f3n son recuperar la paz.<\/p>\n<p>As\u00ed mismo como el de\u00a0robustecer la educaci\u00f3n y que la gente tenga acceso a la salud p\u00fablica<\/p>\n<p>De manera simb\u00f3lica, se otorgaron reconocimientos a personal m\u00e9dico, por su dedicaci\u00f3n y desempe\u00f1o de su profesi\u00f3n, en beneficio de las y los zacatecanos<\/p>\n<p>Al encabezar la celebraci\u00f3n del D\u00eda del M\u00e9dico, el Gobernador David Monreal \u00c1vila asent\u00f3 que, con acceso a la salud.<\/p>\n<p>As\u00ed como\u00a0a medicamentos y a una atenci\u00f3n de calidad, las familias de Zacatecas tendr\u00e1n bienestar.<\/p>\n<p>Reunidos en la Sala Magna del Centro Artesanal Platero, en Guadalupe, a nombre del pueblo de Zacatecas, el mandatario extern\u00f3 su felicitaci\u00f3n.<\/p>\n<p>Sobre todo, su agradecimiento al personal que se desempe\u00f1a en el sector salud, por su talento, compromiso.<\/p>\n<p>Ademas de por las acciones tan nobles que desarrollan en su profesi\u00f3n.<\/p>\n<p>Ante autoridades de la Secretar\u00eda de Salud de Zacatecas (SSZ), del Instituto Mexicano del Seguro Social (IMSS), directivos.<\/p>\n<p>As\u00ed mismo como de\u00a0personal m\u00e9dico de unidades de primer y segundo niveles de atenci\u00f3n.<\/p>\n<p>Por ende, el Gobernador David Monreal destac\u00f3 que la labor de todas y todos los m\u00e9dicos.<\/p>\n<h4>Con esto\u00a0ha sido y seguir\u00e1 siendo primordial para el bienestar del pa\u00eds y del estado.<\/h4>\n<p>Record\u00f3 su entrega, sacrificio y voluntad de servicio quedaron de manifiesto en los tiempos m\u00e1s cr\u00edticos que ha vivido la historia reciente de nuestro pa\u00eds.<\/p>\n<p>Como fue la pandemia por COVID-19, que nos permiti\u00f3 ver la humanidad, apreciar la profundidad del ser, el compromiso solidario.<\/p>\n<p>Al igual que\u00a0la fortaleza y los valores de quienes se desempe\u00f1an como m\u00e9dicos.<\/p>\n<p>Tambi\u00e9n, dijo el Gobernador David Monreal, se pudo apreciar el miedo y el dolor que nos causa la impotencia de enfrentarnos a lo desconocido.<\/p>\n<p>\u201cEs por ello que, a nombre de la sociedad zacatecana, les expreso de manera sincera\u201d.<\/p>\n<p>\u201cAdemas de ser\u00a0franca nuestra gratitud en esta lucha y su compromiso diario\u201d, expres\u00f3.<\/p>\n<p>De la misma manera, subray\u00f3 la labor de m\u00e9dicos, enfermeras, de la Brigada Correcaminos, las fuerzas armadas.<\/p>\n<p>As\u00ed como de Servidores de la Naci\u00f3n y a las y los voluntarios que participaron en la Estrategia Nacional de Vacunaci\u00f3n contra COVID-19.<\/p>\n<p>El cual\u00a0implementada por el Presidente Andr\u00e9s Manuel L\u00f3pez Obrador.<\/p>\n<p>Ponder\u00f3 que esta conjunci\u00f3n de esfuerzos fue determinante en este plan de vacunaci\u00f3n, desaf\u00edo que se cumpli\u00f3 con creces.<\/p>\n<p>Esto al grado de que Zacatecas se coloc\u00f3 entre los primeros estados en la cobertura de esta campa\u00f1a.<\/p>\n<p>&nbsp;<\/p>\n","protected":false},"excerpt":{"rendered":"<p>El mandatario estatal encabez\u00f3 la celebraci\u00f3n del D\u00eda del M\u00e9dico en la Sala Magna del Centro Artesanal Platero, en Guadalupe, Zacatecas Acceso a la salud: Los retos a los que se ha enfrenado esta administraci\u00f3n son recuperar la paz. As\u00ed mismo como el de\u00a0robustecer la educaci\u00f3n y que la gente tenga acceso a la salud [&hellip;]<\/p>\n","protected":false},"author":1,"featured_media":10010,"comment_status":"open","ping_status":"closed","sticky":false,"template":"","format":"standard","meta":{"footnotes":""},"categories":[7,9,11],"tags":[],"class_list":["post-10008","post","type-post","status-publish","format-standard","has-post-thumbnail","hentry","category-nacional","category-politica","category-salud"],"_links":{"self":[{"href":"https:\/\/podernacional.com\/index.php?rest_route=\/wp\/v2\/posts\/10008","targetHints":{"allow":["GET"]}}],"collection":[{"href":"https:\/\/podernacional.com\/index.php?rest_route=\/wp\/v2\/posts"}],"about":[{"href":"https:\/\/podernacional.com\/index.php?rest_route=\/wp\/v2\/types\/post"}],"author":[{"embeddable":true,"href":"https:\/\/podernacional.com\/index.php?rest_route=\/wp\/v2\/users\/1"}],"replies":[{"embeddable":true,"href":"https:\/\/podernacional.com\/index.php?rest_route=%2Fwp%2Fv2%2Fcomments&post=10008"}],"version-history":[{"count":1,"href":"https:\/\/podernacional.com\/index.php?rest_route=\/wp\/v2\/posts\/10008\/revisions"}],"predecessor-version":[{"id":10009,"href":"https:\/\/podernacional.com\/index.php?rest_route=\/wp\/v2\/posts\/10008\/revisions\/10009"}],"wp:featuredmedia":[{"embeddable":true,"href":"https:\/\/podernacional.com\/index.php?rest_route=\/wp\/v2\/media\/10010"}],"wp:attachment":[{"href":"https:\/\/podernacional.com\/index.php?rest_route=%2Fwp%2Fv2%2Fmedia&parent=10008"}],"wp:term":[{"taxonomy":"category","embeddable":true,"href":"https:\/\/podernacional.com\/index.php?rest_route=%2Fwp%2Fv2%2Fcategories&post=10008"},{"taxonomy":"post_tag","embeddable":true,"href":"https:\/\/podernacional.com\/index.php?rest_route=%2Fwp%2Fv2%2Ftags&post=10008"}],"curies":[{"name":"wp","href":"https:\/\/api.w.org\/{rel}","templated":true}]}}