{"id":10011,"date":"2022-10-25T19:02:13","date_gmt":"2022-10-26T00:02:13","guid":{"rendered":"https:\/\/podernacional.com\/?p=10011"},"modified":"2022-10-26T00:02:15","modified_gmt":"2022-10-26T00:02:15","slug":"zacatecas-registra-poca-generacion-de-empleos","status":"publish","type":"post","link":"https:\/\/podernacional.com\/?p=10011","title":{"rendered":"Zacatecas registra poca generaci\u00f3n de empleos"},"content":{"rendered":"<h4>La entidad tuvo un crecimiento del 1%, seg\u00fan el IMSS<\/h4>\n<p>Poca generaci\u00f3n de empleos: La creaci\u00f3n de empleo en lo que va del 2022 supera los 789 mil puestos<\/p>\n<p><a href=\"https:\/\/twitter.com\/gobiernozac\">Zacatecas<\/a> es el tercer estado con menor generaci\u00f3n de empleos formales a nivel nacional.<\/p>\n<p>Ademas que\u00a0seg\u00fan el informe publicado por el Instituto Mexicano del Seguro Social (IMSS), correspondiente a septiembre.<\/p>\n<p>En la entidad se tuvo un crecimiento de s\u00f3lo el 1 % respecto a igual mes del a\u00f1o anterior.<\/p>\n<p>Con esto\u00a0superando s\u00f3lo a los estados de Michoac\u00e1n y Sinaloa durante el noveno mes del a\u00f1o.<\/p>\n<p>Este indicador contrasta con el avance de estados como Tabasco, Baja California Sur y Quintana Roo.<\/p>\n<h4>En los cuales el IMSS report\u00f3 entre el 13.5 y el 12%.<\/h4>\n<p>Transportes y Comunicaciones, construcci\u00f3n, servicios para empresas y comercio, son los sectores de la econom\u00eda que tuvieron m\u00e1s crecimiento.<\/p>\n<p>Mientras que el \u00fanico que reporta retrocesos fue el agropecuario.<\/p>\n<p>En cifras nacionales, durante septiembre se registr\u00f3 un aumento mensual de 172 mil 492 puestos.<\/p>\n<p>Los cuales\u00a0equivalen a una tasa mensual de 0.8%. Este incremento es el segundo m\u00e1s alto para un septiembre desde que se tiene registro.<\/p>\n<p>David Monreal anuncia bolsa de mil 500 mdp para adelanto de participaciones<\/p>\n<p>La estad\u00edstica tuvo un incremento mensual de 116 mil 056 puestos permanentes durante septiembre.<\/p>\n<p>Ademas que\u00a0el tercero m\u00e1s alto desde que se tiene registro para dicho periodo.<\/p>\n<p>Con lo anterior, la creaci\u00f3n de empleo en lo que va del 2022 supera los 789 mil puestos.<\/p>\n<p>De los cuales, el 74.3% es de empleos permanentes.<\/p>\n<p>Al cierre de septiembre 2022, el salario base de cotizaci\u00f3n promedio de los puestos de trabajo afiliados al IMSS alcanz\u00f3 un monto de 480.7 pesos.<\/p>\n","protected":false},"excerpt":{"rendered":"<p>La entidad tuvo un crecimiento del 1%, seg\u00fan el IMSS Poca generaci\u00f3n de empleos: La creaci\u00f3n de empleo en lo que va del 2022 supera los 789 mil puestos Zacatecas es el tercer estado con menor generaci\u00f3n de empleos formales a nivel nacional. Ademas que\u00a0seg\u00fan el informe publicado por el Instituto Mexicano del Seguro Social [&hellip;]<\/p>\n","protected":false},"author":1,"featured_media":10013,"comment_status":"open","ping_status":"closed","sticky":false,"template":"","format":"standard","meta":{"footnotes":""},"categories":[7,9],"tags":[],"class_list":["post-10011","post","type-post","status-publish","format-standard","has-post-thumbnail","hentry","category-nacional","category-politica"],"_links":{"self":[{"href":"https:\/\/podernacional.com\/index.php?rest_route=\/wp\/v2\/posts\/10011","targetHints":{"allow":["GET"]}}],"collection":[{"href":"https:\/\/podernacional.com\/index.php?rest_route=\/wp\/v2\/posts"}],"about":[{"href":"https:\/\/podernacional.com\/index.php?rest_route=\/wp\/v2\/types\/post"}],"author":[{"embeddable":true,"href":"https:\/\/podernacional.com\/index.php?rest_route=\/wp\/v2\/users\/1"}],"replies":[{"embeddable":true,"href":"https:\/\/podernacional.com\/index.php?rest_route=%2Fwp%2Fv2%2Fcomments&post=10011"}],"version-history":[{"count":1,"href":"https:\/\/podernacional.com\/index.php?rest_route=\/wp\/v2\/posts\/10011\/revisions"}],"predecessor-version":[{"id":10012,"href":"https:\/\/podernacional.com\/index.php?rest_route=\/wp\/v2\/posts\/10011\/revisions\/10012"}],"wp:featuredmedia":[{"embeddable":true,"href":"https:\/\/podernacional.com\/index.php?rest_route=\/wp\/v2\/media\/10013"}],"wp:attachment":[{"href":"https:\/\/podernacional.com\/index.php?rest_route=%2Fwp%2Fv2%2Fmedia&parent=10011"}],"wp:term":[{"taxonomy":"category","embeddable":true,"href":"https:\/\/podernacional.com\/index.php?rest_route=%2Fwp%2Fv2%2Fcategories&post=10011"},{"taxonomy":"post_tag","embeddable":true,"href":"https:\/\/podernacional.com\/index.php?rest_route=%2Fwp%2Fv2%2Ftags&post=10011"}],"curies":[{"name":"wp","href":"https:\/\/api.w.org\/{rel}","templated":true}]}}