{"id":10017,"date":"2022-10-25T19:31:41","date_gmt":"2022-10-26T00:31:41","guid":{"rendered":"https:\/\/podernacional.com\/?p=10017"},"modified":"2022-10-26T00:31:42","modified_gmt":"2022-10-26T00:31:42","slug":"cancun-presentan-demanda-colectiva-contra-calica-por-danos-al-ambiente","status":"publish","type":"post","link":"https:\/\/podernacional.com\/?p=10017","title":{"rendered":"Canc\u00fan: Presentan demanda colectiva contra Calica por da\u00f1os al ambiente"},"content":{"rendered":"<h4>Los trabajos afectan principalmente a los ni\u00f1os de ocho comunidades aleda\u00f1as a la zona de explotaci\u00f3n minera.<\/h4>\n<p>Calica en Canc\u00fan: Levantan demanda colectiva contra Calica por da\u00f1os al ambiente.<\/p>\n<p>Representantes de la comunidad del municipio de Solidaridad levantaron este lunes una demanda colectiva contra la empresa Calica.<\/p>\n<p>As\u00ed como\u00a0por da\u00f1os al medio ambiente y al riesgo de salud que esto implica para las familias.<\/p>\n<p>Quetzal Tzab Gonz\u00e1lez, representante del Movimiento Ind\u00edgena Maya Peninsular.<\/p>\n<p>El cual\u00a0declar\u00f3 que estos trabajos afectan principalmente a los ni\u00f1os de ocho comunidades aleda\u00f1as a la zona de explotaci\u00f3n minera.<\/p>\n<p>Esto\u00a0en especial una zona conocida como Torres de la Paz.<\/p>\n<p>En esta zona, explic\u00f3 habitan m\u00e1s de dos mil 500 familias, quienes est\u00e1n expuestas a los polvos liberados de las obras.<\/p>\n<p>Ademas de que pueden desencadenar complicaciones asm\u00e1ticas a los ni\u00f1os.<\/p>\n<p>Por su parte, Ra\u00fal Benet, asesor ambiental, explic\u00f3 a causa de las detonaciones de explosivos para la explotaci\u00f3n de material p\u00e9treo por parte de Calica.<\/p>\n<h4>As\u00ed como\u00a0el da\u00f1o ecol\u00f3gico se extiende a aproximadamente dos mil 400 hect\u00e1reas en la zona norte de Playa del Carmen.<\/h4>\n<p>\u201cCon un dictamen hecho por la Secretar\u00eda de Medio Ambiente y Recursos Naturales y sus \u00f3rganos desconcentrados, publicado entre julio y agosto\u201d.<\/p>\n<p>\u201cAdemas que se comprob\u00f3 que el uso de explosivos ha conllevado al cambio de flujo de los r\u00edos subterr\u00e1neos\u201d.<\/p>\n<p>\u201cAs\u00ed como a la contaminaci\u00f3n de \u00e9stos con los hidrogeles presentes en las dinamitas usadas por la empresa\u201d, resalt\u00f3.<\/p>\n<p>Con esta acci\u00f3n colectiva, este lunes empez\u00f3 el proceso para solicitar a un juez de Distrito.<\/p>\n<p>Ademas de\u00a0la clausura definitiva de la mina donde se realizan las detonaciones.<\/p>\n<p>As\u00ed como\u00a0que se devuelva el puerto de Punta Venado debido a que ha incumplido con sus obligaciones ambientales.<\/p>\n<h4>Ademas\u00a0que se haga un resarcimiento de los da\u00f1os a trav\u00e9s de acciones sustitutas.<\/h4>\n<p>Tzab Gonz\u00e1lez a\u00f1adi\u00f3 que ya hay ni\u00f1os enfermos con asma en Solidaridad, producto de los trabajos de la trasnacional.<\/p>\n<p>Al igual que\u00a0las comunidades m\u00e1s afectadas son, adem\u00e1s de las Torres, Noc Beh, Jacinto Canek, Sauce, Campesinos Unidos, Santa Cecilia y Vida y Esperanza.<\/p>\n<p>Aunque tambi\u00e9n el dictamen de las dependencias federales ha confirmado que los polvos que salen de esta mina llegan hasta Valladolid.<\/p>\n<p>\u201cLa colonia m\u00e1s cercana a la mina est\u00e1 a aproximadamente dos kil\u00f3metros, y ha afectado a m\u00e1s de 100 familias\u201d.<\/p>\n<p>\u201cPero como ciudadanos tenemos el derecho y la responsabilidad de defendernos porque est\u00e1n violando nuestro derecho a una vida sana y un medio ambiente sano\u201d.<\/p>\n","protected":false},"excerpt":{"rendered":"<p>Los trabajos afectan principalmente a los ni\u00f1os de ocho comunidades aleda\u00f1as a la zona de explotaci\u00f3n minera. Calica en Canc\u00fan: Levantan demanda colectiva contra Calica por da\u00f1os al ambiente. Representantes de la comunidad del municipio de Solidaridad levantaron este lunes una demanda colectiva contra la empresa Calica. As\u00ed como\u00a0por da\u00f1os al medio ambiente y al [&hellip;]<\/p>\n","protected":false},"author":1,"featured_media":10019,"comment_status":"open","ping_status":"closed","sticky":false,"template":"","format":"standard","meta":{"footnotes":""},"categories":[6,9,10],"tags":[],"class_list":["post-10017","post","type-post","status-publish","format-standard","has-post-thumbnail","hentry","category-local","category-politica","category-quintana-roo"],"_links":{"self":[{"href":"https:\/\/podernacional.com\/index.php?rest_route=\/wp\/v2\/posts\/10017","targetHints":{"allow":["GET"]}}],"collection":[{"href":"https:\/\/podernacional.com\/index.php?rest_route=\/wp\/v2\/posts"}],"about":[{"href":"https:\/\/podernacional.com\/index.php?rest_route=\/wp\/v2\/types\/post"}],"author":[{"embeddable":true,"href":"https:\/\/podernacional.com\/index.php?rest_route=\/wp\/v2\/users\/1"}],"replies":[{"embeddable":true,"href":"https:\/\/podernacional.com\/index.php?rest_route=%2Fwp%2Fv2%2Fcomments&post=10017"}],"version-history":[{"count":1,"href":"https:\/\/podernacional.com\/index.php?rest_route=\/wp\/v2\/posts\/10017\/revisions"}],"predecessor-version":[{"id":10018,"href":"https:\/\/podernacional.com\/index.php?rest_route=\/wp\/v2\/posts\/10017\/revisions\/10018"}],"wp:featuredmedia":[{"embeddable":true,"href":"https:\/\/podernacional.com\/index.php?rest_route=\/wp\/v2\/media\/10019"}],"wp:attachment":[{"href":"https:\/\/podernacional.com\/index.php?rest_route=%2Fwp%2Fv2%2Fmedia&parent=10017"}],"wp:term":[{"taxonomy":"category","embeddable":true,"href":"https:\/\/podernacional.com\/index.php?rest_route=%2Fwp%2Fv2%2Fcategories&post=10017"},{"taxonomy":"post_tag","embeddable":true,"href":"https:\/\/podernacional.com\/index.php?rest_route=%2Fwp%2Fv2%2Ftags&post=10017"}],"curies":[{"name":"wp","href":"https:\/\/api.w.org\/{rel}","templated":true}]}}