{"id":10074,"date":"2022-10-27T18:38:17","date_gmt":"2022-10-27T23:38:17","guid":{"rendered":"https:\/\/podernacional.com\/?p=10074"},"modified":"2022-10-27T23:38:19","modified_gmt":"2022-10-27T23:38:19","slug":"comienza-la-construccion-de-almacenes-centrales-de-gobierno-de-zacatecas","status":"publish","type":"post","link":"https:\/\/podernacional.com\/?p=10074","title":{"rendered":"Comienza la construcci\u00f3n de almacenes centrales de gobierno de Zacatecas"},"content":{"rendered":"<h4>Comienza la primera etapa de construcci\u00f3n de almacenes de gobierno de Zacatecas. Guillermo Carrillo menciona que hay un avance del 90%<\/h4>\n<p>Almacenes centrales: Comienza la construcci\u00f3n de almacenes centrales de gobierno de Zacatecas<\/p>\n<p>Por medio de la <a href=\"https:\/\/www.zacatecas.gob.mx\/gobierno\/dependencias\/sop\/\">Secretar\u00eda de Obras P\u00fablicas<\/a> (SOP) y la Secretar\u00eda de Administraci\u00f3n (SA) del estado.<\/p>\n<p>Ya que\u00a0se iniciaron las maniobras de construcci\u00f3n para el complejo de almacenes centrales.<\/p>\n<p>La edificaci\u00f3n comenz\u00f3 con el muro perimetral as\u00ed como el acceso y habilitaci\u00f3n del patio de maniobras.<\/p>\n<p>Todo el proceso presenta un 90% \u00a0de avance f\u00edsico.<\/p>\n<h4>Seg\u00fan el Secretario de Obras P\u00fablicas, Guillermo Carrillo Pasillas, menciona en las estrategias del Plan Estatal de Desarrollo.<\/h4>\n<p>Ya que se encuentra dar un uso pertinente a los terrenos de gobierno.<\/p>\n<p>Por ello sigue la construcci\u00f3n de la primera etapa de los almacenes centrales; los cuales superan el presupuesto a 30 millones.<\/p>\n<p>En las bodegas se almacenar\u00e1n y resguardar\u00e1n, documentos y material de la Administraci\u00f3n P\u00fablica del estado.<\/p>\n<p>Tambi\u00e9n mencion\u00f3 que dentro del terreno, con capacidad de catorce mil metros cuadrados de almacenamiento.<\/p>\n<p>Con esto mencionan que se construir\u00e1n las primeras cinco bodegas.<\/p>\n<p>La ubicaci\u00f3n de las inmediaciones se encuentra en el kil\u00f3metro seis de la carretera Guadalupe-Cuahutemoc-Cos\u00edo.<\/p>\n<p>Esto ser\u00e1\u00a0a la altura de la comunidad de Cieneguitas.<\/p>\n","protected":false},"excerpt":{"rendered":"<p>Comienza la primera etapa de construcci\u00f3n de almacenes de gobierno de Zacatecas. Guillermo Carrillo menciona que hay un avance del 90% Almacenes centrales: Comienza la construcci\u00f3n de almacenes centrales de gobierno de Zacatecas Por medio de la Secretar\u00eda de Obras P\u00fablicas (SOP) y la Secretar\u00eda de Administraci\u00f3n (SA) del estado. Ya que\u00a0se iniciaron las maniobras [&hellip;]<\/p>\n","protected":false},"author":1,"featured_media":10076,"comment_status":"open","ping_status":"closed","sticky":false,"template":"","format":"standard","meta":{"footnotes":""},"categories":[7,13],"tags":[],"class_list":["post-10074","post","type-post","status-publish","format-standard","has-post-thumbnail","hentry","category-nacional","category-tecnologia"],"_links":{"self":[{"href":"https:\/\/podernacional.com\/index.php?rest_route=\/wp\/v2\/posts\/10074","targetHints":{"allow":["GET"]}}],"collection":[{"href":"https:\/\/podernacional.com\/index.php?rest_route=\/wp\/v2\/posts"}],"about":[{"href":"https:\/\/podernacional.com\/index.php?rest_route=\/wp\/v2\/types\/post"}],"author":[{"embeddable":true,"href":"https:\/\/podernacional.com\/index.php?rest_route=\/wp\/v2\/users\/1"}],"replies":[{"embeddable":true,"href":"https:\/\/podernacional.com\/index.php?rest_route=%2Fwp%2Fv2%2Fcomments&post=10074"}],"version-history":[{"count":1,"href":"https:\/\/podernacional.com\/index.php?rest_route=\/wp\/v2\/posts\/10074\/revisions"}],"predecessor-version":[{"id":10075,"href":"https:\/\/podernacional.com\/index.php?rest_route=\/wp\/v2\/posts\/10074\/revisions\/10075"}],"wp:featuredmedia":[{"embeddable":true,"href":"https:\/\/podernacional.com\/index.php?rest_route=\/wp\/v2\/media\/10076"}],"wp:attachment":[{"href":"https:\/\/podernacional.com\/index.php?rest_route=%2Fwp%2Fv2%2Fmedia&parent=10074"}],"wp:term":[{"taxonomy":"category","embeddable":true,"href":"https:\/\/podernacional.com\/index.php?rest_route=%2Fwp%2Fv2%2Fcategories&post=10074"},{"taxonomy":"post_tag","embeddable":true,"href":"https:\/\/podernacional.com\/index.php?rest_route=%2Fwp%2Fv2%2Ftags&post=10074"}],"curies":[{"name":"wp","href":"https:\/\/api.w.org\/{rel}","templated":true}]}}