{"id":10115,"date":"2022-10-31T17:30:01","date_gmt":"2022-10-31T22:30:01","guid":{"rendered":"https:\/\/podernacional.com\/?p=10115"},"modified":"2022-10-31T22:30:04","modified_gmt":"2022-10-31T22:30:04","slug":"cantabria-creara-un-registro-autonomico-de-instalaciones-portatiles-y-organizadores-de-espectaculos-publicos","status":"publish","type":"post","link":"https:\/\/podernacional.com\/?p=10115","title":{"rendered":"Cantabria crear\u00e1 un registro auton\u00f3mico de instalaciones port\u00e1tiles y organizadores de espect\u00e1culos p\u00fablicos"},"content":{"rendered":"<h4>La Consejer\u00eda de Presidencia, Interior, Justicia y Acci\u00f3n Exterior crear\u00e1 un registro auton\u00f3mico de instalaciones.<\/h4>\n<p>Cantabria: As\u00ed como de establecimientos port\u00e1tiles y desmontables, as\u00ed como de los organizadores de espect\u00e1culos p\u00fablicos y actividades recreativas.<\/p>\n<p>La Consejer\u00eda de Presidencia, Interior, Justicia y Acci\u00f3n Exterior crear\u00e1 un registro auton\u00f3mico de instalaciones.<\/p>\n<p>Ademas de establecimientos port\u00e1tiles y desmontables, as\u00ed como de los organizadores de espect\u00e1culos p\u00fablicos y actividades recreativas.<\/p>\n<p>El Gobierno de Cantabria ha convocado el periodo de consulta p\u00fablica del decreto regulador del nuevo registro.<\/p>\n<p>El cual\u00a0desarrolla la Ley de Cantabria de Espect\u00e1culos P\u00fablicos, que prev\u00e9 su creaci\u00f3n.<\/p>\n<p>Al igual que un proceso que abre ahora un plazo de 20 d\u00edas h\u00e1biles para presentar sugerencias.<\/p>\n<p>La titular de la Consejer\u00eda, Paula Fern\u00e1ndez Via\u00f1a, ha explicado que la creaci\u00f3n de este registro:<\/p>\n<p>\u00abMejorar\u00e1 la informaci\u00f3n sobre las instalaciones port\u00e1tiles con las que cuenta la Comunidad Aut\u00f3noma adaptadas a la norma\u201d.<\/p>\n<p>\u201cAdemas que, como es el caso de escenarios, plazas de toros y puestos de ferias, entre otros\u00bb.<\/p>\n<p>Ha adelantado, adem\u00e1s, que la nueva normativa:<\/p>\n<h4>\u00abNo impondr\u00e1 a los titulares de las instalaciones nuevas obligaciones ni cargas administrativas innecesarias\u00bb.<\/h4>\n<p>Ademas que pues ser\u00e1n las propias administraciones competentes en materia de juego y espect\u00e1culos (Gobierno de Cantabria y los ayuntamientos).<\/p>\n<p>Ademas que las que intercambiar\u00e1n los datos necesarios para formalizar los asientos en el registro.<\/p>\n<p>\u00danicamente, los organizadores y los titulares de los establecimientos.<\/p>\n<p>As\u00ed como de locales deber\u00e1n comunicar datos cuando se produzcan alguna variaci\u00f3n o modificaci\u00f3n de las instalaciones port\u00e1tiles.<\/p>\n<p>En este sentido, se establecer\u00e1n los criterios de coordinaci\u00f3n con los registros municipales.<\/p>\n<p>Al igual que\u00a0la forma adecuada de comunicar los asientos que realicen los municipios en sus respectivos registros.<\/p>\n<p>A trav\u00e9s de este proceso de consulta p\u00fablica, la Consejer\u00eda de Presidencia recabar\u00e1 la opini\u00f3n de las personas y de las organizaciones m\u00e1s representativas.<\/p>\n<p>As\u00ed como de la\u00a0potencialmente afectados por la futura norma acerca de los problemas que se pretenden solucionar con la iniciativa.<\/p>\n<p>As\u00ed como de\u00a0la necesidad y oportunidad de su aprobaci\u00f3n, los objetivos de la norma y las posibles soluciones alternativas regulatorias y no regulatorias.<\/p>\n<p>De esta forma, se mejorar\u00e1 la participaci\u00f3n de la ciudadan\u00eda y entidades en el procedimiento de elaboraci\u00f3n de la norma.<\/p>\n<p>Ademas que\u00a0con car\u00e1cter previo a la elaboraci\u00f3n del proyecto de decreto.<\/p>\n<p>Las sugerencias podr\u00e1n presentarse por escrito en los registros p\u00fablicos habilitados o a trav\u00e9s del Portal de Participaci\u00f3n del Gobierno de Cantabria (participaci\u00f3n.cantabria.es).<\/p>\n","protected":false},"excerpt":{"rendered":"<p>La Consejer\u00eda de Presidencia, Interior, Justicia y Acci\u00f3n Exterior crear\u00e1 un registro auton\u00f3mico de instalaciones. Cantabria: As\u00ed como de establecimientos port\u00e1tiles y desmontables, as\u00ed como de los organizadores de espect\u00e1culos p\u00fablicos y actividades recreativas. La Consejer\u00eda de Presidencia, Interior, Justicia y Acci\u00f3n Exterior crear\u00e1 un registro auton\u00f3mico de instalaciones. Ademas de establecimientos port\u00e1tiles y desmontables, [&hellip;]<\/p>\n","protected":false},"author":1,"featured_media":10117,"comment_status":"open","ping_status":"closed","sticky":false,"template":"","format":"standard","meta":{"footnotes":""},"categories":[4,5],"tags":[],"class_list":["post-10115","post","type-post","status-publish","format-standard","has-post-thumbnail","hentry","category-espectaculos","category-internacional"],"_links":{"self":[{"href":"https:\/\/podernacional.com\/index.php?rest_route=\/wp\/v2\/posts\/10115","targetHints":{"allow":["GET"]}}],"collection":[{"href":"https:\/\/podernacional.com\/index.php?rest_route=\/wp\/v2\/posts"}],"about":[{"href":"https:\/\/podernacional.com\/index.php?rest_route=\/wp\/v2\/types\/post"}],"author":[{"embeddable":true,"href":"https:\/\/podernacional.com\/index.php?rest_route=\/wp\/v2\/users\/1"}],"replies":[{"embeddable":true,"href":"https:\/\/podernacional.com\/index.php?rest_route=%2Fwp%2Fv2%2Fcomments&post=10115"}],"version-history":[{"count":1,"href":"https:\/\/podernacional.com\/index.php?rest_route=\/wp\/v2\/posts\/10115\/revisions"}],"predecessor-version":[{"id":10116,"href":"https:\/\/podernacional.com\/index.php?rest_route=\/wp\/v2\/posts\/10115\/revisions\/10116"}],"wp:featuredmedia":[{"embeddable":true,"href":"https:\/\/podernacional.com\/index.php?rest_route=\/wp\/v2\/media\/10117"}],"wp:attachment":[{"href":"https:\/\/podernacional.com\/index.php?rest_route=%2Fwp%2Fv2%2Fmedia&parent=10115"}],"wp:term":[{"taxonomy":"category","embeddable":true,"href":"https:\/\/podernacional.com\/index.php?rest_route=%2Fwp%2Fv2%2Fcategories&post=10115"},{"taxonomy":"post_tag","embeddable":true,"href":"https:\/\/podernacional.com\/index.php?rest_route=%2Fwp%2Fv2%2Ftags&post=10115"}],"curies":[{"name":"wp","href":"https:\/\/api.w.org\/{rel}","templated":true}]}}