{"id":10121,"date":"2022-10-31T18:15:02","date_gmt":"2022-10-31T23:15:02","guid":{"rendered":"https:\/\/podernacional.com\/?p=10121"},"modified":"2022-10-31T23:15:05","modified_gmt":"2022-10-31T23:15:05","slug":"inician-coloridas-festividades-del-hanal-pixan-2022-en-cancun","status":"publish","type":"post","link":"https:\/\/podernacional.com\/?p=10121","title":{"rendered":"Inician coloridas festividades del hanal pix\u00e1n 2022 en canc\u00fan"},"content":{"rendered":"<h4>Con el objetivo de preservar las costumbres y tradiciones en nuestro pa\u00eds, el Ayuntamiento de Benito Ju\u00e1rez realiz\u00f3 este 29 y 30 de octubre.<\/h4>\n<p>Festividades del hanal pix\u00e1n : Esto con la edici\u00f3n XII de la \u201cCena de \u00c1nimas\u201d en el Parque de las Palapas, con diversas actividades culturales, art\u00edsticas.<\/p>\n<p>Al igual que\u00a0gastron\u00f3micas de manera gratuitas, con lo cual inician las festividades del D\u00eda de Muertos en Canc\u00fan, tradici\u00f3n mexicana reconocida a nivel mundial.<\/p>\n<p>La administraci\u00f3n 2021-2024 encabezada por la Presidenta Municipal, Ana Patricia Peralta.<\/p>\n<p>A\u00a0trav\u00e9s del Instituto de la Cultura y las Artes llev\u00f3 a cabo el tradicional desfile de catrinas.<\/p>\n<p>Al igual que de catrines con motivo de las celebraciones de la Cena de \u00c1nimas, y en previo al magno evento \u201cHanal Pix\u00e1n 2022\u201d.<\/p>\n<p>El cual\u00a0se llevar\u00e1 a cabo este 31 de octubre, 1 y 2 de noviembre en el emblem\u00e1tico Malec\u00f3n Tajamar.<\/p>\n<p>El s\u00e1bado por la noche el contingente de m\u00e1s de 250 personas caracterizadas con pintoresca calavera de colores vivos y hermosos atuendos.<\/p>\n<p>El cual\u00a0parti\u00f3 de la avenida Chich\u00e9n Itz\u00e1 a un costado de la estaci\u00f3n central de Bomberos.<\/p>\n<p>As\u00ed mismo\u00a0del Teatro 8 de Octubre, hasta la glorieta \u201cEl Ceviche\u201d.<\/p>\n<p>Al igual que\u00a0de regreso al Palacio Municipal para entrar por el andador Tulipanes hacia el Parque de las Palapas.<\/p>\n<h4>Lugar\u00a0donde cientos de personas a lo largo de su paso, disfrutaron al m\u00e1ximo.<\/h4>\n<p>En el Parque de las Palapas los asistentes y participantes, as\u00ed como turistas nacionales e internacionales.<\/p>\n<p>As\u00ed como que\u00a0disfrutaron de una exhibici\u00f3n de altares de muertos, gastronom\u00eda mexicana, bailables y musicales de diferentes g\u00e9neros de grupos locales como:<\/p>\n<p>\u201cAcadance\u201d, \u201cSaint Denis\u201d, \u201cDanzales\u201d, \u201cCanc\u00fan Ballet Academy\u201d, \u201cTechnique Dance Gasca\u201d, en medio de un lindo ambiente familiar.<\/p>\n<p>Mientras que este domingo 30 de octubre, se realiz\u00f3 el Festival Cultural desde las 18:00 horas.<\/p>\n<p>Lugar\u00a0donde en el escenario central decorado acorde a la fecha desfilaron diversos grupos como \u201cBe Dance\u201d, \u201cInnova Dance\u201d.<\/p>\n<p>As\u00ed como \u201cJazz Studio Isabella Alarc\u00f3n\u201d, \u201cXochiquetzal\u201d y \u201cMixcoacalli\u201d.<\/p>\n<p>Asimismo y para la tranquilidad de los asistentes a este evento, se reforz\u00f3 la vigilancia.<\/p>\n<p>Al igual que de\u00a0seguridad en el lugar con personal de la Secretar\u00eda Municipal de Seguridad P\u00fablica y Tr\u00e1nsito para garantizar mucha diversi\u00f3n.<\/p>\n<p>Mencionan que\u00a0a los asistentes a las distintas actividades realizadas por estas festividades.<\/p>\n<p>Festividades del hanal pix\u00e1n<\/p>\n","protected":false},"excerpt":{"rendered":"<p>Con el objetivo de preservar las costumbres y tradiciones en nuestro pa\u00eds, el Ayuntamiento de Benito Ju\u00e1rez realiz\u00f3 este 29 y 30 de octubre. Festividades del hanal pix\u00e1n : Esto con la edici\u00f3n XII de la \u201cCena de \u00c1nimas\u201d en el Parque de las Palapas, con diversas actividades culturales, art\u00edsticas. Al igual que\u00a0gastron\u00f3micas de manera [&hellip;]<\/p>\n","protected":false},"author":1,"featured_media":10123,"comment_status":"open","ping_status":"closed","sticky":false,"template":"","format":"standard","meta":{"footnotes":""},"categories":[2,6],"tags":[],"class_list":["post-10121","post","type-post","status-publish","format-standard","has-post-thumbnail","hentry","category-cultural","category-local"],"_links":{"self":[{"href":"https:\/\/podernacional.com\/index.php?rest_route=\/wp\/v2\/posts\/10121","targetHints":{"allow":["GET"]}}],"collection":[{"href":"https:\/\/podernacional.com\/index.php?rest_route=\/wp\/v2\/posts"}],"about":[{"href":"https:\/\/podernacional.com\/index.php?rest_route=\/wp\/v2\/types\/post"}],"author":[{"embeddable":true,"href":"https:\/\/podernacional.com\/index.php?rest_route=\/wp\/v2\/users\/1"}],"replies":[{"embeddable":true,"href":"https:\/\/podernacional.com\/index.php?rest_route=%2Fwp%2Fv2%2Fcomments&post=10121"}],"version-history":[{"count":1,"href":"https:\/\/podernacional.com\/index.php?rest_route=\/wp\/v2\/posts\/10121\/revisions"}],"predecessor-version":[{"id":10122,"href":"https:\/\/podernacional.com\/index.php?rest_route=\/wp\/v2\/posts\/10121\/revisions\/10122"}],"wp:featuredmedia":[{"embeddable":true,"href":"https:\/\/podernacional.com\/index.php?rest_route=\/wp\/v2\/media\/10123"}],"wp:attachment":[{"href":"https:\/\/podernacional.com\/index.php?rest_route=%2Fwp%2Fv2%2Fmedia&parent=10121"}],"wp:term":[{"taxonomy":"category","embeddable":true,"href":"https:\/\/podernacional.com\/index.php?rest_route=%2Fwp%2Fv2%2Fcategories&post=10121"},{"taxonomy":"post_tag","embeddable":true,"href":"https:\/\/podernacional.com\/index.php?rest_route=%2Fwp%2Fv2%2Ftags&post=10121"}],"curies":[{"name":"wp","href":"https:\/\/api.w.org\/{rel}","templated":true}]}}