{"id":10124,"date":"2022-10-31T18:32:09","date_gmt":"2022-10-31T23:32:09","guid":{"rendered":"https:\/\/podernacional.com\/?p=10124"},"modified":"2022-10-31T23:32:14","modified_gmt":"2022-10-31T23:32:14","slug":"estos-son-los-dias-festivos-y-puentes-en-mexico-para-2023","status":"publish","type":"post","link":"https:\/\/podernacional.com\/?p=10124","title":{"rendered":"Estos son los d\u00edas festivos y puentes en M\u00e9xico para 2023"},"content":{"rendered":"<h4>Mira en esta nota cu\u00e1les son los d\u00edas festivos en M\u00e9xico para 2023.<\/h4>\n<p>D\u00edas festivos y puentes: Los siguientes d\u00edas est\u00e1n marcados por ley para diversas dependencias mexicanas e incluso para embajadas extranjeras en territorio nacional.<\/p>\n<p>D\u00edas festivos y puentes en M\u00e9xico para 2023<\/p>\n<p>Lunes 6 de febrero \u2014 Conmemoraci\u00f3n de la promulgaci\u00f3n de la Constituci\u00f3n de M\u00e9xico de 1917 (el d\u00eda exacto es el 5 de febrero.<\/p>\n<p>Pero se recorre al lunes, por lo que este es el primer puente del a\u00f1o).<\/p>\n<p>Lunes 20 de marzo \u2014 D\u00eda en conmemoraci\u00f3n del natalicio de Benito Ju\u00e1rez, presidente de M\u00e9xico de 1857 a 1872.<\/p>\n<p>Ademas que la fecha exacta es 21 de marzo, pero se pasa al lunes, por lo que este es el segundo puente de 2023.<\/p>\n<p>Jueves 6 de abril y viernes 7 de abril \u2014 D\u00edas festivos por la Semana Santa (tercer puente del a\u00f1o).<\/p>\n<p>Dependencias como la Secretar\u00eda de Educaci\u00f3n P\u00fablica (SEP) dan dos semanas de asueto por esta celebraci\u00f3n: del 3 al 14 de abril.<\/p>\n<p>Lunes 1 de mayo \u2014 Asueto por el D\u00eda del Trabajo (cuarto puente del a\u00f1o).<\/p>\n<h4>Ademas de fechas como:<\/h4>\n<p>Viernes 5 de mayo \u2014 D\u00eda festivo oficial por la conmemoraci\u00f3n de la llamada Batalla de Puebla.<\/p>\n<p>Con esto\u00a0la cual ocurri\u00f3 en 1862 (es el quinto puente del a\u00f1o).<\/p>\n<p>S\u00e1bado 16 de septiembre \u2014 Aunque cae en fin de semana, suele ser feriado oficial por el D\u00eda de la Independencia de M\u00e9xico.<\/p>\n<p>La cual que inici\u00f3 la madrugada del 16 de septiembre de 1810.<\/p>\n<p>(Algunas dependencias y entidades tambi\u00e9n dan como feriado el 15 de septiembre, que en 2023 caer\u00eda en viernes).<\/p>\n<p>(Ademas de que\u00a0se convertir\u00eda en el sexto puente del a\u00f1o).<\/p>\n<p>Jueves 2 de noviembre \u2014 Se celebra el D\u00eda de Muertos, una de las festividades m\u00e1s conocidas de M\u00e9xico a nivel internacional.<\/p>\n<p>En ocasiones se da el 1 de noviembre (que tambi\u00e9n forma parte de las celebraciones), pero depende de cada dependencia organismo o entidad del pa\u00eds.<\/p>\n<p>Lunes 20 de noviembre \u2014 D\u00eda festivo oficial por la conmemoraci\u00f3n de la Revoluci\u00f3n Mexicana.<\/p>\n<p>Ademas de\u00a0que dio inicio el 20 de noviembre de 1910 con la promulgaci\u00f3n del Plan de San Luis (el s\u00e9ptimo puente del a\u00f1o).<\/p>\n<p>Lunes 25 de diciembre \u2014 Descanso por Navidad (el octavo y \u00faltimo puente de 2023).<\/p>\n","protected":false},"excerpt":{"rendered":"<p>Mira en esta nota cu\u00e1les son los d\u00edas festivos en M\u00e9xico para 2023. D\u00edas festivos y puentes: Los siguientes d\u00edas est\u00e1n marcados por ley para diversas dependencias mexicanas e incluso para embajadas extranjeras en territorio nacional. D\u00edas festivos y puentes en M\u00e9xico para 2023 Lunes 6 de febrero \u2014 Conmemoraci\u00f3n de la promulgaci\u00f3n de la [&hellip;]<\/p>\n","protected":false},"author":1,"featured_media":10126,"comment_status":"open","ping_status":"closed","sticky":false,"template":"","format":"standard","meta":{"footnotes":""},"categories":[2,7],"tags":[],"class_list":["post-10124","post","type-post","status-publish","format-standard","has-post-thumbnail","hentry","category-cultural","category-nacional"],"_links":{"self":[{"href":"https:\/\/podernacional.com\/index.php?rest_route=\/wp\/v2\/posts\/10124","targetHints":{"allow":["GET"]}}],"collection":[{"href":"https:\/\/podernacional.com\/index.php?rest_route=\/wp\/v2\/posts"}],"about":[{"href":"https:\/\/podernacional.com\/index.php?rest_route=\/wp\/v2\/types\/post"}],"author":[{"embeddable":true,"href":"https:\/\/podernacional.com\/index.php?rest_route=\/wp\/v2\/users\/1"}],"replies":[{"embeddable":true,"href":"https:\/\/podernacional.com\/index.php?rest_route=%2Fwp%2Fv2%2Fcomments&post=10124"}],"version-history":[{"count":1,"href":"https:\/\/podernacional.com\/index.php?rest_route=\/wp\/v2\/posts\/10124\/revisions"}],"predecessor-version":[{"id":10125,"href":"https:\/\/podernacional.com\/index.php?rest_route=\/wp\/v2\/posts\/10124\/revisions\/10125"}],"wp:featuredmedia":[{"embeddable":true,"href":"https:\/\/podernacional.com\/index.php?rest_route=\/wp\/v2\/media\/10126"}],"wp:attachment":[{"href":"https:\/\/podernacional.com\/index.php?rest_route=%2Fwp%2Fv2%2Fmedia&parent=10124"}],"wp:term":[{"taxonomy":"category","embeddable":true,"href":"https:\/\/podernacional.com\/index.php?rest_route=%2Fwp%2Fv2%2Fcategories&post=10124"},{"taxonomy":"post_tag","embeddable":true,"href":"https:\/\/podernacional.com\/index.php?rest_route=%2Fwp%2Fv2%2Ftags&post=10124"}],"curies":[{"name":"wp","href":"https:\/\/api.w.org\/{rel}","templated":true}]}}