{"id":10145,"date":"2022-11-01T17:06:43","date_gmt":"2022-11-01T22:06:43","guid":{"rendered":"https:\/\/podernacional.com\/?p=10145"},"modified":"2022-11-01T22:06:45","modified_gmt":"2022-11-01T22:06:45","slug":"reforman-reglamento-de-espectaculos-en-cancun","status":"publish","type":"post","link":"https:\/\/podernacional.com\/?p=10145","title":{"rendered":"Reforman Reglamento de Espect\u00e1culos en Canc\u00fan"},"content":{"rendered":"<h4>Los organizadores de eventos estar\u00e1n obligados a avisar con tiempo la anulaci\u00f3n de un evento.<\/h4>\n<p>Reglamento de Espect\u00e1culos: \u00a1No m\u00e1s cancelaciones de \u00faltima hora! Reforman Reglamento de Espect\u00e1culos en Canc\u00fan<\/p>\n<p>El gobierno municipal de Benito Ju\u00e1rez inform\u00f3 que al mes se programan alrededor de 40 espect\u00e1culos de diversa \u00edndole.<\/p>\n<p>De los cuales, 10% de dichas actividades se cancelan sin previo aviso, incluso poco antes de la hora se\u00f1alada.<\/p>\n<p>Esto generaba descontento de parte de los asistentes, por lo que se aprob\u00f3 una reforma en el Reglamento de Espect\u00e1culos.<\/p>\n<p>Lo cual\u00a0que obliga a los organizadores de los eventos a avisar de manera anticipada la cancelaci\u00f3n, coment\u00f3 Karina Pamela Espinoza P\u00e9rez.<\/p>\n<p>La cual es\u00a0regidora que preside la Comisi\u00f3n de Espect\u00e1culos y Diversiones.<\/p>\n<p>\u201cEl art\u00edculo 20 del Reglamento de Espect\u00e1culos y Diversiones se estableci\u00f3 por lo que pas\u00f3 con el concierto de Ha-Ash\u201d.<\/p>\n<h4>Al igual que en el que hubo una serie de desinformaci\u00f3n sobre por qu\u00e9 se cancel\u00f3.<\/h4>\n<p>Empiezan a preguntar y nosotros, como autoridad, no ten\u00edamos una respuesta certera.<\/p>\n<p>Ademas de cuando tuvimos la informaci\u00f3n, fue demasiado tarde, ya hab\u00eda gente en el lugar, lo que ocasion\u00f3 molestia\u201d.<\/p>\n<p>Ahora, los organizadores deben avisar a las autoridades municipales en caso de que haya una cancelaci\u00f3n de alg\u00fan evento.<\/p>\n<p>Esto\u00a0para avisar a la comunidad con la mayor brevedad posible, coment\u00f3 la regidora.<\/p>\n<p>La entrevistada consider\u00f3 que esta reforma, que busca evitar molestias al consumidor por ser informado de la cancelaci\u00f3n de eventos.<\/p>\n<p>Al igual que\u00a0es pertinente ya que se comienzan a retomar las actividades presenciales despu\u00e9s de la pandemia de Covid-19.<\/p>\n<p>\u201cHablamos de cuatro o cinco eventos que se cancelan, por distintas causas, ya sea por cuestiones de Protecci\u00f3n Civil\u201d.<\/p>\n<p>\u201cAdemas del\u00a0porque no se logr\u00f3 el aforo esperado, por causas naturales, como huracanes, etc\u00e9tera\u201d.<\/p>\n<p>\u201cSin embargo, las autoridades registramos entre 30 y 40 eventos de distinta \u00edndole al mes\u201d.<\/p>\n","protected":false},"excerpt":{"rendered":"<p>Los organizadores de eventos estar\u00e1n obligados a avisar con tiempo la anulaci\u00f3n de un evento. Reglamento de Espect\u00e1culos: \u00a1No m\u00e1s cancelaciones de \u00faltima hora! Reforman Reglamento de Espect\u00e1culos en Canc\u00fan El gobierno municipal de Benito Ju\u00e1rez inform\u00f3 que al mes se programan alrededor de 40 espect\u00e1culos de diversa \u00edndole. De los cuales, 10% de dichas [&hellip;]<\/p>\n","protected":false},"author":1,"featured_media":10147,"comment_status":"open","ping_status":"closed","sticky":false,"template":"","format":"standard","meta":{"footnotes":""},"categories":[6,9,10],"tags":[],"class_list":["post-10145","post","type-post","status-publish","format-standard","has-post-thumbnail","hentry","category-local","category-politica","category-quintana-roo"],"_links":{"self":[{"href":"https:\/\/podernacional.com\/index.php?rest_route=\/wp\/v2\/posts\/10145","targetHints":{"allow":["GET"]}}],"collection":[{"href":"https:\/\/podernacional.com\/index.php?rest_route=\/wp\/v2\/posts"}],"about":[{"href":"https:\/\/podernacional.com\/index.php?rest_route=\/wp\/v2\/types\/post"}],"author":[{"embeddable":true,"href":"https:\/\/podernacional.com\/index.php?rest_route=\/wp\/v2\/users\/1"}],"replies":[{"embeddable":true,"href":"https:\/\/podernacional.com\/index.php?rest_route=%2Fwp%2Fv2%2Fcomments&post=10145"}],"version-history":[{"count":1,"href":"https:\/\/podernacional.com\/index.php?rest_route=\/wp\/v2\/posts\/10145\/revisions"}],"predecessor-version":[{"id":10146,"href":"https:\/\/podernacional.com\/index.php?rest_route=\/wp\/v2\/posts\/10145\/revisions\/10146"}],"wp:featuredmedia":[{"embeddable":true,"href":"https:\/\/podernacional.com\/index.php?rest_route=\/wp\/v2\/media\/10147"}],"wp:attachment":[{"href":"https:\/\/podernacional.com\/index.php?rest_route=%2Fwp%2Fv2%2Fmedia&parent=10145"}],"wp:term":[{"taxonomy":"category","embeddable":true,"href":"https:\/\/podernacional.com\/index.php?rest_route=%2Fwp%2Fv2%2Fcategories&post=10145"},{"taxonomy":"post_tag","embeddable":true,"href":"https:\/\/podernacional.com\/index.php?rest_route=%2Fwp%2Fv2%2Ftags&post=10145"}],"curies":[{"name":"wp","href":"https:\/\/api.w.org\/{rel}","templated":true}]}}