{"id":10148,"date":"2022-11-01T17:18:53","date_gmt":"2022-11-01T22:18:53","guid":{"rendered":"https:\/\/podernacional.com\/?p=10148"},"modified":"2022-11-01T22:18:55","modified_gmt":"2022-11-01T22:18:55","slug":"estados-unidos-sera-sede-de-macrorrueda-internacional-de-negocios-2022","status":"publish","type":"post","link":"https:\/\/podernacional.com\/?p=10148","title":{"rendered":"Estados Unidos ser\u00e1 sede de Macrorrueda Internacional de Negocios 2022"},"content":{"rendered":"<h4>Se realizar\u00e1 del 8 al 11 de noviembre en Houston, Texas. Participar\u00e1n 200 empresarios exportadores y 200 compradores.<\/h4>\n<p>Macrorrueda Internacional de Negocios: Entre el 8 al 11 de noviembre se realizar\u00e1 en Houston (Texas) la Macrorrueda Internacional de Negocios de Colombia en Estados Unidos.<\/p>\n<p>Esto\u00a0en la que se presentar\u00e1n cerca de 200 empresas nacionales de una oferta de agroalimentos, qu\u00edmicos y ciencias de la vida.<\/p>\n<p>Al igual que la\u00a0metalmec\u00e1nica, sistema moda e Industrias 4.0.<\/p>\n<p>En la cita que lidera el Ministerio de Comercio, Industria y Turismo con ProColombia tambi\u00e9n estar\u00e1n presentes 200 compa\u00f1\u00edas internacionales.<\/p>\n<p>Las jornadas empezar\u00e1n con una agenda acad\u00e9mica el 8 de noviembre, seguida por dos d\u00edas de citas de negocios.<\/p>\n<p>Ademas de que culminan el 11 de noviembre con visitas de campo que les permitir\u00e1 a los empresarios colombianos conocer los canales de distribuci\u00f3n.<\/p>\n<p>As\u00ed como de\u00a0comercializaci\u00f3n, de acuerdo con cada cadena productiva participante.<\/p>\n<p>El ministro de Comercio, Industria y Turismo, Germ\u00e1n Uma\u00f1a Mendoza, destac\u00f3 que:<\/p>\n<h4>\u201cEn el gobierno del presidente Gustavo Petro trabajamos para fortalecer nuestra oferta hacia los mercados externos\u201d.<\/h4>\n<p>\u201cQueremos impulsar aquellas exportaciones con valor agregado, que incorporen progreso t\u00e9cnico\u201d.<\/p>\n<p>\u201cAs\u00ed como que\u00a0nos permitan pasar de una econom\u00eda extractivista hacia una que promueva el desarrollo sostenible de nuestro pa\u00eds\u201d.<\/p>\n<p>El alto funcionario destac\u00f3 que, en este sentido, su cartera adelanta varias acciones para impulsar y fortalecer a las peque\u00f1as y medianas empresas.<\/p>\n<p>Esto de manera que logren integrarse en las cadenas internacionales de valor, capten inversi\u00f3n extranjera directa.<\/p>\n<p>Al igual que\u00a0mejoren el desarrollo de la capacidad humana.<\/p>\n<p>\u201cCon esta actividad comercial multisectorial acompa\u00f1amos a los empresarios colombianos en su esfuerzo de mantener la din\u00e1mica positiva\u201d.<\/p>\n<p>\u201cEsto de las exportaciones no mineras con valor agregado de Colombia al mercado de Estados Unidos, al de Latinoam\u00e9rica y el Caribe\u201d.<\/p>\n<p>Tendr\u00e1 un foco especial en empresas mipymes provenientes de distintos departamentos del pa\u00eds, entre municipios PDET.<\/p>\n<p>\u201cAl igual que\u00a0de menos de 200.000 habitantes, y en negocios que tengan un impacto positivo en las comunidades y en el medio ambiente\u201d.<\/p>\n<p>Esto lo\u00a0manifest\u00f3 Carmen Caballero, presidenta de ProColombia.<\/p>\n","protected":false},"excerpt":{"rendered":"<p>Se realizar\u00e1 del 8 al 11 de noviembre en Houston, Texas. Participar\u00e1n 200 empresarios exportadores y 200 compradores. Macrorrueda Internacional de Negocios: Entre el 8 al 11 de noviembre se realizar\u00e1 en Houston (Texas) la Macrorrueda Internacional de Negocios de Colombia en Estados Unidos. Esto\u00a0en la que se presentar\u00e1n cerca de 200 empresas nacionales de [&hellip;]<\/p>\n","protected":false},"author":1,"featured_media":10150,"comment_status":"open","ping_status":"closed","sticky":false,"template":"","format":"standard","meta":{"footnotes":""},"categories":[5,9],"tags":[],"class_list":["post-10148","post","type-post","status-publish","format-standard","has-post-thumbnail","hentry","category-internacional","category-politica"],"_links":{"self":[{"href":"https:\/\/podernacional.com\/index.php?rest_route=\/wp\/v2\/posts\/10148","targetHints":{"allow":["GET"]}}],"collection":[{"href":"https:\/\/podernacional.com\/index.php?rest_route=\/wp\/v2\/posts"}],"about":[{"href":"https:\/\/podernacional.com\/index.php?rest_route=\/wp\/v2\/types\/post"}],"author":[{"embeddable":true,"href":"https:\/\/podernacional.com\/index.php?rest_route=\/wp\/v2\/users\/1"}],"replies":[{"embeddable":true,"href":"https:\/\/podernacional.com\/index.php?rest_route=%2Fwp%2Fv2%2Fcomments&post=10148"}],"version-history":[{"count":1,"href":"https:\/\/podernacional.com\/index.php?rest_route=\/wp\/v2\/posts\/10148\/revisions"}],"predecessor-version":[{"id":10149,"href":"https:\/\/podernacional.com\/index.php?rest_route=\/wp\/v2\/posts\/10148\/revisions\/10149"}],"wp:featuredmedia":[{"embeddable":true,"href":"https:\/\/podernacional.com\/index.php?rest_route=\/wp\/v2\/media\/10150"}],"wp:attachment":[{"href":"https:\/\/podernacional.com\/index.php?rest_route=%2Fwp%2Fv2%2Fmedia&parent=10148"}],"wp:term":[{"taxonomy":"category","embeddable":true,"href":"https:\/\/podernacional.com\/index.php?rest_route=%2Fwp%2Fv2%2Fcategories&post=10148"},{"taxonomy":"post_tag","embeddable":true,"href":"https:\/\/podernacional.com\/index.php?rest_route=%2Fwp%2Fv2%2Ftags&post=10148"}],"curies":[{"name":"wp","href":"https:\/\/api.w.org\/{rel}","templated":true}]}}