{"id":10169,"date":"2022-11-02T17:18:05","date_gmt":"2022-11-02T22:18:05","guid":{"rendered":"https:\/\/podernacional.com\/?p=10169"},"modified":"2022-11-02T22:18:07","modified_gmt":"2022-11-02T22:18:07","slug":"el-festival-internacional-de-flamenco-regresa-con-fuerza","status":"publish","type":"post","link":"https:\/\/podernacional.com\/?p=10169","title":{"rendered":"El Festival Internacional de Flamenco regresa con fuerza"},"content":{"rendered":"<h4>Un buen pu\u00f1ado de actividades con Jes\u00fas Carmona como plato fuerte<\/h4>\n<p>El Festival Internacional de Flamenco: El alcalde de Ja\u00e9n, Julio Mill\u00e1n, junto al presidente del festival, Antonio Jes\u00fas Chica &#8216;El Tabanco&#8217;<\/p>\n<p>La cuarta edici\u00f3n del Festival Internacional &#8216;Ciudad de Ja\u00e9n&#8217;, que se celebra este a\u00f1o del 16 al 20 de noviembre.<\/p>\n<p>Ademas de que\u00a0traer\u00e1 hasta la capital masterclass, flashmob de baile flamenco, el homenaje a Pepe y Fausto Olivares.<\/p>\n<p>As\u00ed mismo como\u00a0la tercera edici\u00f3n del concurso j\u00f3venes talentos &#8216;Tacones del Futuro&#8217;.<\/p>\n<p>Adem\u00e1s del plato fuerte con el core\u00f3grafo y bailar\u00edn Jes\u00fas Carmona, cuyo montaje &#8216;El Salto&#8217;.<\/p>\n<p>El cual\u00a0se podr\u00e1 ver dentro de la programaci\u00f3n del Festival de Oto\u00f1o que organiza el Ayuntamiento de Ja\u00e9n.<\/p>\n<h4>Organizado por la Asociaci\u00f3n Cultural Flamenca Ciudad de Ja\u00e9n, con Patronato Municipal de Cultura, de la Diputaci\u00f3n de Ja\u00e9n.<\/h4>\n<p>Al igual que\u00a0con la colaboraci\u00f3n de la Escuela de Arte Flamenco de Andaluc\u00eda, el alcalde, Julio Mill\u00e1n, y el presidente del festival.<\/p>\n<p>As\u00ed mismo como de\u00a0Antonio Jes\u00fas Chica &#8216;El Tabanco&#8217;, presentado la programaci\u00f3n de este a\u00f1o que se retoma tras el par\u00e9ntesis sufrido por la pandemia.<\/p>\n<p>Tambi\u00e9n ha participado el concejal de Cultura, Jos\u00e9 Manuel Higueras.<\/p>\n<p>\u201cHay que poner en valor que contemos con esta asociaci\u00f3n flamenca que se suma a otras asociaciones culturales\u201d.<\/p>\n<p>\u201cAdemas\u00a0que contribuye a impulsar la cultura del flamenco en nuestra ciudad para que se siga apoyando con las nuevas generaciones\u201d.<\/p>\n<p>\u201cAdem\u00e1s de en la tradici\u00f3n de otras como la Pe\u00f1a Flamenca\u201d, ha subrayado Mill\u00e1n.<\/p>\n<p>Por ello ha dicho que la participaci\u00f3n en este festival es \u201cinexcusable\u201d.<\/p>\n<p>Esto\u00a0con una programaci\u00f3n que va a convertir a la capital en el epicentro del arte flamenco coincidiendo.<\/p>\n<h4>Adem\u00e1s, con el d\u00eda 16 de noviembre como D\u00eda Internacional del Flamenco.<\/h4>\n<p>\u201cSon actividades para todos los p\u00fablicos, con espect\u00e1culos y masterclass tanto para los que se inician en el flamenco como para los m\u00e1s experimentados\u201d, menciona.<\/p>\n<p>Por su parte, el director de festival y responsable de la Escuela de Arte Flamenco El Tabanco.<\/p>\n<p>Ademas de que\u00a0ha mostrado su satisfacci\u00f3n por la vuelta de este festival.<\/p>\n<p>El cual que este a\u00f1o se celebra bajo el amparo de la Asociaci\u00f3n Cultural Flamenca Ciudad de Ja\u00e9n.<\/p>\n<p>El que est\u00e1\u00a0formada por m\u00e1s de cincuenta profesionales y aficiones a este arte.<\/p>\n<p>As\u00ed como \u201ccon objetivo de darle el empuje necesario y dotarlo de la entidad que a\u00fane al mundo flamenco de la ciudad\u201d.<\/p>\n<p>Al igual que\u00a0tanto aficionados como artistas, y conseguir que este festival se convierta en un cita anual.<\/p>\n<p>\u201cEsto\u00a0en el calendario como ocurre en otras capitales de provincia\u201d.<\/p>\n<p>Sobre la programaci\u00f3n ha destacado que \u201clo m\u00e1s rompedor del cartel\u201d es el espect\u00e1culo del bailar\u00edn y core\u00f3grafo Jes\u00fas Carmona.<\/p>\n<p>El Festival Internacional de Flamenco<\/p>\n","protected":false},"excerpt":{"rendered":"<p>Un buen pu\u00f1ado de actividades con Jes\u00fas Carmona como plato fuerte El Festival Internacional de Flamenco: El alcalde de Ja\u00e9n, Julio Mill\u00e1n, junto al presidente del festival, Antonio Jes\u00fas Chica &#8216;El Tabanco&#8217; La cuarta edici\u00f3n del Festival Internacional &#8216;Ciudad de Ja\u00e9n&#8217;, que se celebra este a\u00f1o del 16 al 20 de noviembre. Ademas de que\u00a0traer\u00e1 [&hellip;]<\/p>\n","protected":false},"author":1,"featured_media":10171,"comment_status":"open","ping_status":"closed","sticky":false,"template":"","format":"standard","meta":{"footnotes":""},"categories":[2,5],"tags":[],"class_list":["post-10169","post","type-post","status-publish","format-standard","has-post-thumbnail","hentry","category-cultural","category-internacional"],"_links":{"self":[{"href":"https:\/\/podernacional.com\/index.php?rest_route=\/wp\/v2\/posts\/10169","targetHints":{"allow":["GET"]}}],"collection":[{"href":"https:\/\/podernacional.com\/index.php?rest_route=\/wp\/v2\/posts"}],"about":[{"href":"https:\/\/podernacional.com\/index.php?rest_route=\/wp\/v2\/types\/post"}],"author":[{"embeddable":true,"href":"https:\/\/podernacional.com\/index.php?rest_route=\/wp\/v2\/users\/1"}],"replies":[{"embeddable":true,"href":"https:\/\/podernacional.com\/index.php?rest_route=%2Fwp%2Fv2%2Fcomments&post=10169"}],"version-history":[{"count":1,"href":"https:\/\/podernacional.com\/index.php?rest_route=\/wp\/v2\/posts\/10169\/revisions"}],"predecessor-version":[{"id":10170,"href":"https:\/\/podernacional.com\/index.php?rest_route=\/wp\/v2\/posts\/10169\/revisions\/10170"}],"wp:featuredmedia":[{"embeddable":true,"href":"https:\/\/podernacional.com\/index.php?rest_route=\/wp\/v2\/media\/10171"}],"wp:attachment":[{"href":"https:\/\/podernacional.com\/index.php?rest_route=%2Fwp%2Fv2%2Fmedia&parent=10169"}],"wp:term":[{"taxonomy":"category","embeddable":true,"href":"https:\/\/podernacional.com\/index.php?rest_route=%2Fwp%2Fv2%2Fcategories&post=10169"},{"taxonomy":"post_tag","embeddable":true,"href":"https:\/\/podernacional.com\/index.php?rest_route=%2Fwp%2Fv2%2Ftags&post=10169"}],"curies":[{"name":"wp","href":"https:\/\/api.w.org\/{rel}","templated":true}]}}