{"id":10178,"date":"2022-11-02T18:17:08","date_gmt":"2022-11-02T23:17:08","guid":{"rendered":"https:\/\/podernacional.com\/?p=10178"},"modified":"2022-11-02T23:17:10","modified_gmt":"2022-11-02T23:17:10","slug":"salamanca-cierra-el-ano-con-mas-espectaculos-taurinos-que-antes-de-la-pandemia","status":"publish","type":"post","link":"https:\/\/podernacional.com\/?p=10178","title":{"rendered":"Salamanca cierra el a\u00f1o con m\u00e1s espect\u00e1culos taurinos que antes de la pandemia"},"content":{"rendered":"<h4>La temporada en Salamanca se cierra con 32 espect\u00e1culos (entre corridas de toros, rejones, novilladas picadas y festivales):<\/h4>\n<p>Salamanca; As\u00ed como una docena m\u00e1s que el a\u00f1o pasado y trece m\u00e1s que en 2019, la campa\u00f1a previa a la irrupci\u00f3n del coronavirus<\/p>\n<p>Salamanca cierra el a\u00f1o con m\u00e1s espect\u00e1culos taurinos que antes de la pandemiaEl Capea, Morante de la Puebla, El Cordob\u00e9s.<\/p>\n<p>As\u00ed como\u00a0el maestro Pedro Guti\u00e9rrez \u2018El Ni\u00f1o de la Capea\u2019.<\/p>\n<p>Ademas que en el patio de cuadrillas de la plaza de toros de Guijuelo, el pasado 19 de agosto.<\/p>\n<p>No solo se dispar\u00f3 el n\u00famero de festejos en Salamanca a lo largo de la temporada 2022 sino que se increment\u00f3 el n\u00famero de espectadores.<\/p>\n<p>Esto en los tendidos de los cosos salmantinos, tanto en La Glorieta durante la Feria como en los que se celebraron en la provincia.<\/p>\n<p>No solo se ratific\u00f3 la tendencia al alza del curso pasado, en el que ya se super\u00f3 el n\u00famero de las funciones.<\/p>\n<p>Esto\u00a0registradas en la temporada previa a la pandemia, sino que se logr\u00f3 la mayor cifra de festejos de las \u00faltimas doce campa\u00f1as.<\/p>\n<h4>De los 20 festejos notificados en 2021, se pas\u00f3 a los 32 de este curso reci\u00e9n concluido. Se increment\u00f3 el n\u00famero en los cuatro tipos de espect\u00e1culos:<\/h4>\n<p>As\u00ed como dos corridas de toros m\u00e1s, cuatro festivales taurinos con picadores m\u00e1s, y otras tantas novilladas picadas.<\/p>\n<p>Adem\u00e1s de dos festejos de rejones m\u00e1s. Y m\u00e1s p\u00fablico tambi\u00e9n en todos ellos.<\/p>\n<p>Once a\u00f1os despu\u00e9s se volvi\u00f3 a colgar el cartel de No hay billetes en La Glorieta.<\/p>\n<p>Al igual que\u00a0al reclamo de Morante, Talavante y Roca Rey (18 de septiembre).<\/p>\n<p>As\u00ed como\u00a0que colaps\u00f3 las taquillas con diez d\u00edas de antelaci\u00f3n. Guijuelo llen\u00f3 sus tendidos.<\/p>\n<p>Esto en tanto en la tarde de los fastos del maestro Capea (19 de junio).<\/p>\n<p>Ademas que\u00a0como en la jornada estelar con el debut de Morante de la Puebla (19 de agosto).<\/p>\n<h4>El propio diestro cigarrero tambi\u00e9n agot\u00f3 el papel en el cierre del curso el 16 de octubre en Alba de Tormes.<\/h4>\n<p>Fueron las cuatro tardes estelares de la campa\u00f1a en Salamanca.<\/p>\n<p>A lo largo de 2022, hubo plazas como las de Alba de Tormes, Guijuelo y La Glorieta, que incrementaron su actividad taurina.<\/p>\n<p>De las tres, el primero que abri\u00f3 sus puertas fue el coso Ducal, y termin\u00f3 celebrando dos corridas de toros:<\/p>\n<p>Una en primavera \u2014la primera corrida de toros del a\u00f1o en Salamanca\u2014 y otra m\u00e1s dentro del programa festivo de las fiestas de Santa Teresa.<\/p>\n<p>Guijuelo (que fue el escenario con m\u00e1s funciones del a\u00f1o en Salamanca: tres corridas de toros y una de rejones.<\/p>\n<p>Adem\u00e1s de un festival sin picadores y una clase pr\u00e1ctica) pas\u00f3 de dos a tres corridas de toros.<\/p>\n<p>As\u00ed como\u00a0con la novedad de la tarde del 19 de junio en la que El Ni\u00f1o de la Capea celebr\u00f3 su medio siglo.<\/p>\n<p>Esto\u00a0de alternativa en una jornada que ya forma parte de la historia del toreo salmantino.<\/p>\n<p>Por su parte, Pe\u00f1aranda recuper\u00f3 la corrida de toros que perdi\u00f3 en 2020 y 2021 por la pandemia del coronavirus, de misma manera que Ledesma.<\/p>\n<h4>Mientras que La Glorieta increment\u00f3 en una tarde su oferta para el aficionado, con un espect\u00e1culo m\u00e1s:<\/h4>\n<p>Ademas de que anunci\u00f3, junto a la novillada con picadores y las cuatro funciones mayores de 2021.<\/p>\n<p>As\u00ed como\u00a0el festejo completo de rejones del que prescindi\u00f3 en 2021.<\/p>\n<p>Por su parte, en cuanto a corridas de toros se refiere, Cantalpino, Vitigudino y B\u00e9jar mantuvieron su espect\u00e1culo.<\/p>\n<p>El Circuito de novilladas de Castilla y Le\u00f3n que el a\u00f1o pasado se celebr\u00f3 su festejo en la provincia en Guijuelo.<\/p>\n<p>Ademas de que este se traslad\u00f3 a Los Santos.<\/p>\n<p>Esto mientras que las dos novedades en este escalaf\u00f3n fueron las novilladas que se anunciaron en cosos como los de Babilafuente y La Alberca.<\/p>\n<p>Ademas de que volvieron a dar toros despu\u00e9s de muchos a\u00f1os en blanco. Mucho antes de la pandemia.<\/p>\n","protected":false},"excerpt":{"rendered":"<p>La temporada en Salamanca se cierra con 32 espect\u00e1culos (entre corridas de toros, rejones, novilladas picadas y festivales): Salamanca; As\u00ed como una docena m\u00e1s que el a\u00f1o pasado y trece m\u00e1s que en 2019, la campa\u00f1a previa a la irrupci\u00f3n del coronavirus Salamanca cierra el a\u00f1o con m\u00e1s espect\u00e1culos taurinos que antes de la pandemiaEl [&hellip;]<\/p>\n","protected":false},"author":1,"featured_media":10180,"comment_status":"open","ping_status":"closed","sticky":false,"template":"","format":"standard","meta":{"footnotes":""},"categories":[4,5],"tags":[],"class_list":["post-10178","post","type-post","status-publish","format-standard","has-post-thumbnail","hentry","category-espectaculos","category-internacional"],"_links":{"self":[{"href":"https:\/\/podernacional.com\/index.php?rest_route=\/wp\/v2\/posts\/10178","targetHints":{"allow":["GET"]}}],"collection":[{"href":"https:\/\/podernacional.com\/index.php?rest_route=\/wp\/v2\/posts"}],"about":[{"href":"https:\/\/podernacional.com\/index.php?rest_route=\/wp\/v2\/types\/post"}],"author":[{"embeddable":true,"href":"https:\/\/podernacional.com\/index.php?rest_route=\/wp\/v2\/users\/1"}],"replies":[{"embeddable":true,"href":"https:\/\/podernacional.com\/index.php?rest_route=%2Fwp%2Fv2%2Fcomments&post=10178"}],"version-history":[{"count":1,"href":"https:\/\/podernacional.com\/index.php?rest_route=\/wp\/v2\/posts\/10178\/revisions"}],"predecessor-version":[{"id":10179,"href":"https:\/\/podernacional.com\/index.php?rest_route=\/wp\/v2\/posts\/10178\/revisions\/10179"}],"wp:featuredmedia":[{"embeddable":true,"href":"https:\/\/podernacional.com\/index.php?rest_route=\/wp\/v2\/media\/10180"}],"wp:attachment":[{"href":"https:\/\/podernacional.com\/index.php?rest_route=%2Fwp%2Fv2%2Fmedia&parent=10178"}],"wp:term":[{"taxonomy":"category","embeddable":true,"href":"https:\/\/podernacional.com\/index.php?rest_route=%2Fwp%2Fv2%2Fcategories&post=10178"},{"taxonomy":"post_tag","embeddable":true,"href":"https:\/\/podernacional.com\/index.php?rest_route=%2Fwp%2Fv2%2Ftags&post=10178"}],"curies":[{"name":"wp","href":"https:\/\/api.w.org\/{rel}","templated":true}]}}