{"id":10196,"date":"2022-11-03T17:55:11","date_gmt":"2022-11-03T22:55:11","guid":{"rendered":"https:\/\/podernacional.com\/?p=10196"},"modified":"2022-11-03T22:55:13","modified_gmt":"2022-11-03T22:55:13","slug":"la-xunta-presenta-los-espectaculos-de-coque-malla-y-sara-baras-que-tendran-lugar-en-noviembre-en-a-coruna-en-la-programacion-del-xacobeo","status":"publish","type":"post","link":"https:\/\/podernacional.com\/?p=10196","title":{"rendered":"La Xunta presenta los espect\u00e1culos de Coque Malla y Sara Baras que tendr\u00e1n lugar en noviembre en A Coru\u00f1a, en la programaci\u00f3n del Xacobeo"},"content":{"rendered":"<h4>Gonzalo Trenor destac\u00f3 que estos dos artistas contin\u00faan la programaci\u00f3n de un Xacobeo musical que fue excepcional y que dejar\u00e1 pegada entre los coru\u00f1eses<\/h4>\n<p>El delegado de la Xunta subray\u00f3 el enorme revulsivo que estos conciertos suponen para todos los profesionales de la cultura.<\/p>\n<p>Ademas que\u00a0por extension, al conjunto de la econom\u00eda en la ciudad de A Coru\u00f1a<\/p>\n<p>El delegado de la Xunta en A Coru\u00f1a, Gonzalo Trenor, acompa\u00f1ado por el promotor Ram\u00f3n Garc\u00eda-Barros.<\/p>\n<p>El cual se present\u00f3 hoy dos espect\u00e1culos de Coque Malla y Sara Baras que llegar\u00e1n al Palacio de la \u00d3pera.<\/p>\n<p>Mencionan que esto ser\u00e1\u00a0el 12 y el 26 de noviembre.<\/p>\n<p>Ademas que respectivamente, dentro de la programaci\u00f3n de los Conciertos del Xacobeo organizados por C\u00e1vea Producciones.<\/p>\n<p>Trenor explic\u00f3 que el pr\u00f3ximo s\u00e1bado 12, Coque Malla se presenta en el Palacio de la \u00d3pera.<\/p>\n<p>Esto\u00a0en unos de los \u00faltimos conciertos de su gira \u201cEl viaje del astronauta gigante\u201d.<\/p>\n<p>El cantante, que reforz\u00f3 su banda con la incorporaci\u00f3n del guitarrista Amable Rodr\u00edguez.<\/p>\n<p>El cual\u00a0anunci\u00f3 que tras dos \u00faltimas fechas -el 27 y el 20 de diciembre, en el Wizink Center de Madrid y en Barcelona-.<\/p>\n<h4>Ademas de que\u00a0tiene la intenci\u00f3n de retirarse de los escenarios durante uno largo per\u00edodo para preparar un nuevo trabajo y desarrollar otras facetas art\u00edsticas.<\/h4>\n<p>El concierto de A Coru\u00f1a ser\u00e1 una revisi\u00f3n de toda su carrera, desde Los Ronaldos hasta su Goya por \u201cAhora es el momento&#8217;.<\/p>\n<p>As\u00ed como\u00a0el tema de la pel\u00edcula \u201cCampeones\u201d. No faltar\u00e1n \u201cAdi\u00f3s Pap\u00e1\u201d, \u201cPor las noches\u201d o el &#8216;No puedo vivir sin ti&#8217;.<\/p>\n<p>El cual\u00a0todas ellas, himnos de varias generaciones.<\/p>\n<p>Por su parte, Sara Baras llegar\u00e1 al Palacio de la \u00d3pera el 26 de noviembre con su espect\u00e1culo \u201cAlma\u201d.<\/p>\n<p>Ademas que\u00a0con toda la energ\u00eda de su propia compa\u00f1\u00eda de danza.<\/p>\n<p>La propuesta de esta artista fusiona boleros conocidos por todos con flamenco tradicional.<\/p>\n<p>Siguiendo los pasos de sus maestros, Camar\u00f3n, Paco de Luc\u00eda, Enrique Morente o Antonio Gad\u00e9s, la bailaora gaditana.<\/p>\n<p>La cual\u00a0viene dispuesta a demostrar que las culturas gallega y &#8216;jonda&#8217; tienen puntos de encuentro que se remontan al siglo XIII.<\/p>\n<h4>Al igual que a\u00a0aquel mestizaje cultural que acarre\u00f3 la Reconquista. La Farruca es un palo flamenco que -seg\u00fan especialistas como:<\/h4>\n<p>Carlos N\u00fa\u00f1ez, Faustino N\u00fa\u00f1ez o el clan pontevedres de los Potros- ech\u00f3 sus ra\u00edces en la Galicia Celta.<\/p>\n<p>Coque Malla y Sara Baras contin\u00faan la programaci\u00f3n de un Xacobeo musical que fue excepcional y que dejar\u00e1 pegada entre los coru\u00f1eses.<\/p>\n<p>As\u00ed\u00a0como la dejaron Rosal\u00eda, James Blunt, Luis Fonsi, Jorge Drexler, James Rhodes, Fito y Fitipaldis o los participantes en los festivales\u00a0de:<\/p>\n<p>Neox Music Day y Noroeste Estrella Galicia, entre otros.<\/p>\n<p>El delegado de la Xunta de Galicia destac\u00f3 que el objetivo de la Xunta.<\/p>\n<p>As\u00ed como\u00a0con todos estos conciertos es promover la celebraci\u00f3n de este A\u00f1o Santo.<\/p>\n<p>Ademas de la\u00a0excepcional apostando por la celebraci\u00f3n de eventos musicales que est\u00e1n situando a Galicia en el imaginario colectivo.<\/p>\n<p>El cual es\u00a0especialmente en el \u00e1mbito internacional, promocionando el Camino y Galicia entre peregrinos y visitantes.<\/p>\n<p>En este sentido, subray\u00f3 que invertir en cultura y en eventos musicales es invertir en la ciudad, por lo que destac\u00f3 el \u00abenorme revulsivo\u00bb.<\/p>\n<p>Ademas de que estos conciertos est\u00e1n suponiendo para todos los profesionales de la cultura y, por extensi\u00f3n.<\/p>\n<p>As\u00ed como al conjunto de la econom\u00eda en la ciudad de A Coru\u00f1a.<\/p>\n<p>Trenor incidi\u00f3 en que cualquier evento que se presente bajo el paraguas de la marca Xacobeo tiene garantizado el \u00e9xito.<\/p>\n","protected":false},"excerpt":{"rendered":"<p>Gonzalo Trenor destac\u00f3 que estos dos artistas contin\u00faan la programaci\u00f3n de un Xacobeo musical que fue excepcional y que dejar\u00e1 pegada entre los coru\u00f1eses El delegado de la Xunta subray\u00f3 el enorme revulsivo que estos conciertos suponen para todos los profesionales de la cultura. Ademas que\u00a0por extension, al conjunto de la econom\u00eda en la ciudad [&hellip;]<\/p>\n","protected":false},"author":1,"featured_media":10198,"comment_status":"open","ping_status":"closed","sticky":false,"template":"","format":"standard","meta":{"footnotes":""},"categories":[4,5],"tags":[],"class_list":["post-10196","post","type-post","status-publish","format-standard","has-post-thumbnail","hentry","category-espectaculos","category-internacional"],"_links":{"self":[{"href":"https:\/\/podernacional.com\/index.php?rest_route=\/wp\/v2\/posts\/10196","targetHints":{"allow":["GET"]}}],"collection":[{"href":"https:\/\/podernacional.com\/index.php?rest_route=\/wp\/v2\/posts"}],"about":[{"href":"https:\/\/podernacional.com\/index.php?rest_route=\/wp\/v2\/types\/post"}],"author":[{"embeddable":true,"href":"https:\/\/podernacional.com\/index.php?rest_route=\/wp\/v2\/users\/1"}],"replies":[{"embeddable":true,"href":"https:\/\/podernacional.com\/index.php?rest_route=%2Fwp%2Fv2%2Fcomments&post=10196"}],"version-history":[{"count":1,"href":"https:\/\/podernacional.com\/index.php?rest_route=\/wp\/v2\/posts\/10196\/revisions"}],"predecessor-version":[{"id":10197,"href":"https:\/\/podernacional.com\/index.php?rest_route=\/wp\/v2\/posts\/10196\/revisions\/10197"}],"wp:featuredmedia":[{"embeddable":true,"href":"https:\/\/podernacional.com\/index.php?rest_route=\/wp\/v2\/media\/10198"}],"wp:attachment":[{"href":"https:\/\/podernacional.com\/index.php?rest_route=%2Fwp%2Fv2%2Fmedia&parent=10196"}],"wp:term":[{"taxonomy":"category","embeddable":true,"href":"https:\/\/podernacional.com\/index.php?rest_route=%2Fwp%2Fv2%2Fcategories&post=10196"},{"taxonomy":"post_tag","embeddable":true,"href":"https:\/\/podernacional.com\/index.php?rest_route=%2Fwp%2Fv2%2Ftags&post=10196"}],"curies":[{"name":"wp","href":"https:\/\/api.w.org\/{rel}","templated":true}]}}