{"id":10211,"date":"2022-11-03T19:13:13","date_gmt":"2022-11-04T00:13:13","guid":{"rendered":"https:\/\/podernacional.com\/?p=10211"},"modified":"2022-11-04T00:13:16","modified_gmt":"2022-11-04T00:13:16","slug":"diputados-de-zacatecas-cancelan-reunion-con-adan-augusto-lopez","status":"publish","type":"post","link":"https:\/\/podernacional.com\/?p=10211","title":{"rendered":"Diputados de Zacatecas cancelan reuni\u00f3n con Ad\u00e1n Augusto L\u00f3pez"},"content":{"rendered":"<h4>Legisladores de Zacatecas dijeron que no ven conveniente la presencia del secretario Ad\u00e1n Augusto en este momento.<\/h4>\n<p>Ad\u00e1n Augusto L\u00f3pezLegisladores opositores en Zacatecas no recibir\u00e1n a Ad\u00e1n L\u00f3pez en el Pleno.<\/p>\n<p>Diputados de Zacatecas del PRI, PAN y PRD cancelaron la comparecencia que el Poder Legislativo tendr\u00eda con Ad\u00e1n Augusto L\u00f3pez, secretario de Gobernaci\u00f3n<\/p>\n<p>Esto tras calificar como un agravio la nula informaci\u00f3n que ten\u00edan los diputados sobre la presencia del funcionario federal.<\/p>\n<p>Gabriela Basurto \u00c1vila, coordinadora de la fracci\u00f3n parlamentaria del PRI.<\/p>\n<p>Ademas de que\u00a0asegur\u00f3 que fue apenas ayer cuando fueron informados de la visita del titular de la pol\u00edtica interna en el pa\u00eds.<\/p>\n<p>\u201cNo vamos a permitir que se agravie la autonom\u00eda del Poder Legislativo por lo cual\u201d.<\/p>\n<p>\u201cAs\u00ed como\u00a0la comparecencia que fue promocionada no se realizar\u00e1 en el Pleno\u201d del Congreso estatal, apunt\u00f3.<\/p>\n<p>Enfatiz\u00f3 que Zacatecas tiene un problema grave de seguridad por lo que la Junta de Coordinaci\u00f3n Pol\u00edtica.<\/p>\n<h4>Ademas de que\u00a0acord\u00f3 una reuni\u00f3n con el Secretario de Gobernaci\u00f3n ante ese organismo.<\/h4>\n<p>La coordinadora advirti\u00f3 que los diputados de los partidos pol\u00edticos de oposici\u00f3n no ven conveniente la presencia de Ad\u00e1n Augusto L\u00f3pez.<\/p>\n<p>Esto\u00a0ante el pleno \u201cpor los agravios hechos por el Poder Ejecutivo\u201d.<\/p>\n<p>\u201cSeguimos con la mano abierta para que el Secretario de Gobernaci\u00f3n comparezca ante el Pleno cuando las condiciones as\u00ed lo permitan\u201d, subray\u00f3.<\/p>\n<p>Felipe Calder\u00f3n le dio armas al crimen organizado en lugar del Ej\u00e9rcito: Ad\u00e1n Augusto<\/p>\n<p>El Partido del Trabajo se sum\u00f3 a la posici\u00f3n de los partidos de oposici\u00f3n en el Legislativo local.<\/p>\n<p>Sin embargo, advirtieron que votar\u00e1n a favor de la minuta enviada por el Congreso de la Uni\u00f3n.<\/p>\n<p>El gobierno estatal, a trav\u00e9s de un mensaje.<\/p>\n<p>El cual\u00a0inform\u00f3 que la comparecencia se pospuso hasta nuevo aviso ante el decesos del diputado migrante Sergio Ortega Rodr\u00edguez.<\/p>\n<h4>En Aguascalientes \u2018bajan\u2019 minuta sobre Ej\u00e9rcito en las Calles<\/h4>\n<p>Sin previo aviso, el Congreso de Aguascalientes.<\/p>\n<p>Esto\u00a0baj\u00f3 de la orden del d\u00eda el dictamen de la minuta sobre la reforma que busca ampliar hasta el 2028.<\/p>\n<p>La cual es la presencia del Ej\u00e9rcito en las calles del pa\u00eds para hacer labores de seguridad p\u00fablica.<\/p>\n<p>Este jueves 3 de noviembre el secretario de Gobernaci\u00f3n, Ad\u00e1n Augusto L\u00f3pez visit\u00f3 a los 27 legisladores locales de Aguascalientes.<\/p>\n<p>As\u00ed como\u00a0para dialogar sobre la reforma.<\/p>\n<p>En el Palacio Legislativo, acompa\u00f1ado de la gobernadora de Aguascalientes.<\/p>\n<p>Ademas del funcionario federal pidi\u00f3 a las y los diputados votar a favor de esta reforma.<\/p>\n<p>A\u00fan y cuando ya no se se necesita el aval de este Congreso, ya que ya se consigui\u00f3 aprobar en otros 17.<\/p>\n<p>Desde la semana pasada la reforma fue discutida en la Comisi\u00f3n de Gobernaci\u00f3n y Puntos Constitucionales, donde fue rechazada.<\/p>\n<p>Con ello, el de Aguascalientes se convirti\u00f3 en el primer Congreso local del pa\u00eds en rechazar, desde comisiones, la reforma.<\/p>\n","protected":false},"excerpt":{"rendered":"<p>Legisladores de Zacatecas dijeron que no ven conveniente la presencia del secretario Ad\u00e1n Augusto en este momento. Ad\u00e1n Augusto L\u00f3pezLegisladores opositores en Zacatecas no recibir\u00e1n a Ad\u00e1n L\u00f3pez en el Pleno. Diputados de Zacatecas del PRI, PAN y PRD cancelaron la comparecencia que el Poder Legislativo tendr\u00eda con Ad\u00e1n Augusto L\u00f3pez, secretario de Gobernaci\u00f3n Esto [&hellip;]<\/p>\n","protected":false},"author":1,"featured_media":10213,"comment_status":"open","ping_status":"closed","sticky":false,"template":"","format":"standard","meta":{"footnotes":""},"categories":[7,9],"tags":[],"class_list":["post-10211","post","type-post","status-publish","format-standard","has-post-thumbnail","hentry","category-nacional","category-politica"],"_links":{"self":[{"href":"https:\/\/podernacional.com\/index.php?rest_route=\/wp\/v2\/posts\/10211","targetHints":{"allow":["GET"]}}],"collection":[{"href":"https:\/\/podernacional.com\/index.php?rest_route=\/wp\/v2\/posts"}],"about":[{"href":"https:\/\/podernacional.com\/index.php?rest_route=\/wp\/v2\/types\/post"}],"author":[{"embeddable":true,"href":"https:\/\/podernacional.com\/index.php?rest_route=\/wp\/v2\/users\/1"}],"replies":[{"embeddable":true,"href":"https:\/\/podernacional.com\/index.php?rest_route=%2Fwp%2Fv2%2Fcomments&post=10211"}],"version-history":[{"count":1,"href":"https:\/\/podernacional.com\/index.php?rest_route=\/wp\/v2\/posts\/10211\/revisions"}],"predecessor-version":[{"id":10212,"href":"https:\/\/podernacional.com\/index.php?rest_route=\/wp\/v2\/posts\/10211\/revisions\/10212"}],"wp:featuredmedia":[{"embeddable":true,"href":"https:\/\/podernacional.com\/index.php?rest_route=\/wp\/v2\/media\/10213"}],"wp:attachment":[{"href":"https:\/\/podernacional.com\/index.php?rest_route=%2Fwp%2Fv2%2Fmedia&parent=10211"}],"wp:term":[{"taxonomy":"category","embeddable":true,"href":"https:\/\/podernacional.com\/index.php?rest_route=%2Fwp%2Fv2%2Fcategories&post=10211"},{"taxonomy":"post_tag","embeddable":true,"href":"https:\/\/podernacional.com\/index.php?rest_route=%2Fwp%2Fv2%2Ftags&post=10211"}],"curies":[{"name":"wp","href":"https:\/\/api.w.org\/{rel}","templated":true}]}}