{"id":10217,"date":"2022-11-03T19:27:56","date_gmt":"2022-11-04T00:27:56","guid":{"rendered":"https:\/\/podernacional.com\/?p=10217"},"modified":"2022-11-04T00:27:58","modified_gmt":"2022-11-04T00:27:58","slug":"quintana-roo-mantiene-alerta-verde-para-el-sur-del-estado-por-huracan-lisa","status":"publish","type":"post","link":"https:\/\/podernacional.com\/?p=10217","title":{"rendered":"Quintana Roo mantiene alerta verde para el sur del estado por hurac\u00e1n \u00abLisa\u00bb"},"content":{"rendered":"<h4>El hurac\u00e1n Lisa, que toc\u00f3 tierra el mi\u00e9rcoles en la costa de Belice, avanza por el pa\u00eds caribe\u00f1o donde ha dejado inundaciones y da\u00f1os materiales.<\/h4>\n<p>Alerta verde: La gobernadora de Quintana Roo, Mara Lezama, inform\u00f3 que salvo las intensas lluvias.<\/p>\n<p>Ademas de que\u00a0no se esperan afectaciones severas al sur del estado por el paso del fen\u00f3meno tropical categor\u00eda 1.<\/p>\n<p>En el reporte de las 19:00 horas de este mi\u00e9rcoles 2 de noviembre del Comit\u00e9 de Emergencia para la Atenci\u00f3n del Hurac\u00e1n \u00abLisa\u00bb en QuintanaRoo<\/p>\n<p>Ademas de\u00a0la gobernadora Mara Lezama, inform\u00f3 que, salvo las intensas lluvias.<\/p>\n<p>Ademas de que, no se esperan afectaciones severas al sur del estado por el paso del hurac\u00e1n Lisa, categor\u00eda 1.<\/p>\n<p>En su \u00faltima actualizaci\u00f3n, las autoridades locales detallaron que los municipios de Oth\u00f3n P. Blanco y Bacalar.<\/p>\n<p>Ademas de que se encuentran ya en alerta verde (\u00abpeligro bajo\u00bb) por el alejamiento del hurac\u00e1n \u201cLisa\u201d.<\/p>\n<h4>En tanto, los municipios de Felipe Carrillo Puerto y Jos\u00e9 Mar\u00eda Morelos cambian en alerta azul de alejamiento (\u00abpeligro m\u00ednimo\u00bb).<\/h4>\n<p>Asimismo, anunci\u00f3 que a partir de las 12 del mediod\u00eda de este jueves 3 de noviembre se reanudan labores en dependencias de gobierno.<\/p>\n<p>Pero se mantienen la suspensi\u00f3n de clases \u00fanicamente en los municipios de Bacalar, Oth\u00f3n P. Blanco, Felipe Carrillo Puerto y Jos\u00e9 Mar\u00eda Morelos.<\/p>\n<p>Tambi\u00e9n se mantiene la Ley Seca hasta nuevo aviso en esos mismos municipios.<\/p>\n<p>En tanto que el general de brigada, H\u00e9ctor Jim\u00e9nez Aldana, de la 34 zona militar.<\/p>\n<p>El cual se inform\u00f3 que iniciaron la evacuaci\u00f3n de unas 70 personas de la comunidad Banco Chinchorro.<\/p>\n<p>Ademas de que mediante el Plan DN3 que despleg\u00f3 la Secretar\u00eda de la Defensa Nacional.<\/p>\n<p>Adem\u00e1s de que mantienen recorridos en zonas urbanas y rurales para detecci\u00f3n de posibles puntos de riesgo.<\/p>\n<p>Al igual de que reportan lista una cocina comunitaria y una oficina de crisis para el monitoreo del hurac\u00e1n.<\/p>\n<p>Por su parte, la Secretar\u00eda de Marina report\u00f3 el cierre de los puertos a la navegaci\u00f3n en Xcalak, Mahahual y Chetumal.<\/p>\n<h4>Adem\u00e1s de que se resguardaron las embarcaciones sargaceras.<\/h4>\n<p>As\u00ed como\u00a0las barreras de contenci\u00f3n para evitar da\u00f1os al equipo que se emplea en el combate al sargazo.<\/p>\n<p>M\u00e1s temprano, la gobernadora Lezama Espinosa lanz\u00f3 un llamado a que la gente se mantenga en sus casas.<\/p>\n<p>Por el cual si no tiene nada urgente a que salir (Alerta verde).<\/p>\n<p>Adem\u00e1s de no caer en rumores y compras de p\u00e1nico, atendiendo \u00fanicamente los reportes oficiales que emite el gobierno del estado.<\/p>\n<p>La Comisi\u00f3n Nacional del Agua (Conagua) report\u00f3 que a las 15:20 horas, tiempo den centro de M\u00e9xico.<\/p>\n<p>As\u00ed mismo si el hurac\u00e1n categor\u00eda 1 en la escala Saffir-Simpson ingres\u00f3 a tierra sobre Belice.<\/p>\n<p>En su \u00faltimo reporte emitido a las 19:00 horas de este mi\u00e9rcoles, la Conagua detall\u00f3 que el centro del hurac\u00e1n \u00abLisa\u00bb.<\/p>\n<p>El cual\u00a0se ubica aproximadamente a 30 kil\u00f3metros (km) al oeste de Belice y a 110 km al sur de Chetumal, Quintana Roo.<\/p>\n<p>Ademas\u00a0con vientos m\u00e1ximos sostenidos de 120 km\/h, rachas de 150 km\/h y desplazamiento hacia el oeste a 19 km\/h.<\/p>\n","protected":false},"excerpt":{"rendered":"<p>El hurac\u00e1n Lisa, que toc\u00f3 tierra el mi\u00e9rcoles en la costa de Belice, avanza por el pa\u00eds caribe\u00f1o donde ha dejado inundaciones y da\u00f1os materiales. Alerta verde: La gobernadora de Quintana Roo, Mara Lezama, inform\u00f3 que salvo las intensas lluvias. Ademas de que\u00a0no se esperan afectaciones severas al sur del estado por el paso del [&hellip;]<\/p>\n","protected":false},"author":1,"featured_media":10219,"comment_status":"open","ping_status":"closed","sticky":false,"template":"","format":"standard","meta":{"footnotes":""},"categories":[6,10],"tags":[],"class_list":["post-10217","post","type-post","status-publish","format-standard","has-post-thumbnail","hentry","category-local","category-quintana-roo"],"_links":{"self":[{"href":"https:\/\/podernacional.com\/index.php?rest_route=\/wp\/v2\/posts\/10217","targetHints":{"allow":["GET"]}}],"collection":[{"href":"https:\/\/podernacional.com\/index.php?rest_route=\/wp\/v2\/posts"}],"about":[{"href":"https:\/\/podernacional.com\/index.php?rest_route=\/wp\/v2\/types\/post"}],"author":[{"embeddable":true,"href":"https:\/\/podernacional.com\/index.php?rest_route=\/wp\/v2\/users\/1"}],"replies":[{"embeddable":true,"href":"https:\/\/podernacional.com\/index.php?rest_route=%2Fwp%2Fv2%2Fcomments&post=10217"}],"version-history":[{"count":1,"href":"https:\/\/podernacional.com\/index.php?rest_route=\/wp\/v2\/posts\/10217\/revisions"}],"predecessor-version":[{"id":10218,"href":"https:\/\/podernacional.com\/index.php?rest_route=\/wp\/v2\/posts\/10217\/revisions\/10218"}],"wp:featuredmedia":[{"embeddable":true,"href":"https:\/\/podernacional.com\/index.php?rest_route=\/wp\/v2\/media\/10219"}],"wp:attachment":[{"href":"https:\/\/podernacional.com\/index.php?rest_route=%2Fwp%2Fv2%2Fmedia&parent=10217"}],"wp:term":[{"taxonomy":"category","embeddable":true,"href":"https:\/\/podernacional.com\/index.php?rest_route=%2Fwp%2Fv2%2Fcategories&post=10217"},{"taxonomy":"post_tag","embeddable":true,"href":"https:\/\/podernacional.com\/index.php?rest_route=%2Fwp%2Fv2%2Ftags&post=10217"}],"curies":[{"name":"wp","href":"https:\/\/api.w.org\/{rel}","templated":true}]}}