{"id":10220,"date":"2022-11-03T19:33:08","date_gmt":"2022-11-04T00:33:08","guid":{"rendered":"https:\/\/podernacional.com\/?p=10220"},"modified":"2022-11-04T00:33:10","modified_gmt":"2022-11-04T00:33:10","slug":"tormenta-invernal-cuales-son-sus-caracteristicas-y-que-danos-provocan-a-la-salud","status":"publish","type":"post","link":"https:\/\/podernacional.com\/?p=10220","title":{"rendered":"Tormenta invernal: \u00bfCu\u00e1les son sus caracter\u00edsticas y qu\u00e9 da\u00f1os provocan a la salud?"},"content":{"rendered":"<h4>Una tormenta invernal pone en alerta a la poblaci\u00f3n desde horas antes de su llegada.<\/h4>\n<p>Tormenta invernal: Ademas ya que puede provocar fuertes da\u00f1os a la salud y accidentes.<\/p>\n<p>Las tormentas invernales provocan fuertes da\u00f1os a la salud.<\/p>\n<p>El frente fr\u00edo n\u00famero 6 ingres\u00f3 al norte de M\u00e9xico provocando la primera tormenta invernal del a\u00f1o en estados como:<\/p>\n<p>Baja California, Sonora, Durango y Chihuahua para esta semana.<\/p>\n<p>Con la llegada de este fen\u00f3meno se esperan bajas temperaturas en las entidades al norte del pa\u00eds.<\/p>\n<p>As\u00ed como la ca\u00edda de aguanieve, esto de acuerdo con el pron\u00f3stico de la Servicio Meteorol\u00f3gico Nacional de la Comisi\u00f3n Nacional del Agua (Conagua).<\/p>\n<p>A diferencia de las alertas que se emiten por lluvias o por contingencias ambientales por mala calidad del aire.<\/p>\n<p>El cual que\u00a0con las tormentas invernales se realiza un aviso con 12 a 24 horas de anticipaci\u00f3n.<\/p>\n<p>Esto con el objetivo de que las personas tomen precauciones para evitar da\u00f1os a su salud o accidentes.<\/p>\n<h4>\u00bfC\u00f3mo es una tormenta invernal?<\/h4>\n<p>El Museo de Ciencias de Puerto Rico explica que una tormenta invernal es un evento que est\u00e1 mayormente dominado por precipitaci\u00f3n.<\/p>\n<p>El cual\u00a0que se forma a bajas temperaturas como nieve, lluvia congelada y balitas de nieve o granizo.<\/p>\n<p>Las tormentas invernales pueden durar poco tiempo o prolongarse durante d\u00edas.<\/p>\n<p>Al igual que normalmente vienen acompa\u00f1adas de rachas fuertes de viento, as\u00ed como de bajas temperaturas.<\/p>\n<p>Como bien lo dice su nombre, las tormentas invernales se producen en la estaci\u00f3n que va de diciembre a marzo.<\/p>\n<p>Sin embargo, desde el oto\u00f1o (como ocurre actualmente con el frente fr\u00edo n\u00famero 6).<\/p>\n<p>As\u00ed como al inicio de la primavera es com\u00fan que ocurran dichos eventos.<\/p>\n<p>La combinaci\u00f3n de dos o m\u00e1s de estos eventos provocan una tormenta invernal:<\/p>\n<h4>\u2018Lisa\u2019 amenaza con ingresar al Golfo de M\u00e9xico; habr\u00e1 lluvias en 7 entidades<\/h4>\n<p>Nieve intensa.<\/p>\n<p>Nieve intensa y con viento en r\u00e1fagas.<\/p>\n<p>Nieve y lluvia congelada.<\/p>\n<p>Nieve y aguanieve.<\/p>\n<p>Granizo y lluvia congelada.<\/p>\n<p>Tambi\u00e9n que haya una ca\u00edda de 6 a 12 horas o de 8 a 24 horas de nieve.<\/p>\n<p>As\u00ed como el\u00a0medio metro o m\u00e1s de trazo de hielo por la lluvia congelada.<\/p>\n<p>Muertes a causa de una tormenta invernal y da\u00f1os a la salud<\/p>\n<h4>Las tormentas invernales cobran vidas debido a su intensidad, adem\u00e1s de en algunos casos ocasionar fuertes da\u00f1os a la salud:<\/h4>\n<p>Hipotermia, (descenso de la temperatura corporal).<\/p>\n<p>Mutilaci\u00f3n de algunos tejidos del cuerpo debido al fr\u00edo, como la piel, dedos y extremidades.<\/p>\n<p>Tanto la hipotermia, como la congelaci\u00f3n de los tejidos del cuerpo pueden ocasionar la muerte.<\/p>\n<p>Otros problemas con los que una tormenta invernal puede provocar la muerte o severos da\u00f1os a la salud son los siguientes:<\/p>\n<p>Accidentes vehiculares fatales en carreteras.<\/p>\n<p>Incendios debido al mal uso de los sistemas de calefacci\u00f3n.<\/p>\n<p>Interrupciones en el servicio el\u00e9ctrico.<\/p>\n<p>Desplome de techos y viviendas debido al peso de la nieve.<\/p>\n<h4>\u00bfC\u00f3mo prevenirse de una tormenta invernal?<\/h4>\n<p>Evite salir a la carretera, si es posible.<\/p>\n<p>Si se encuentra atrapado en su autom\u00f3vil, permanezca adentro.<\/p>\n<p>Limite su tiempo al aire libre. Si necesita salir, entonces use varias capas de ropa c\u00e1lida.<\/p>\n<p>Est\u00e9 atento a los signos de congelaci\u00f3n e hipotermia.<\/p>\n<p>Reduzca el riesgo de un ataque card\u00edaco, evitando el agotamiento excesivo cuando remueva la nieve y camine sobre la nieve.<\/p>\n","protected":false},"excerpt":{"rendered":"<p>Una tormenta invernal pone en alerta a la poblaci\u00f3n desde horas antes de su llegada. Tormenta invernal: Ademas ya que puede provocar fuertes da\u00f1os a la salud y accidentes. Las tormentas invernales provocan fuertes da\u00f1os a la salud. El frente fr\u00edo n\u00famero 6 ingres\u00f3 al norte de M\u00e9xico provocando la primera tormenta invernal del a\u00f1o [&hellip;]<\/p>\n","protected":false},"author":1,"featured_media":10222,"comment_status":"open","ping_status":"closed","sticky":false,"template":"","format":"standard","meta":{"footnotes":""},"categories":[5,11],"tags":[],"class_list":["post-10220","post","type-post","status-publish","format-standard","has-post-thumbnail","hentry","category-internacional","category-salud"],"_links":{"self":[{"href":"https:\/\/podernacional.com\/index.php?rest_route=\/wp\/v2\/posts\/10220","targetHints":{"allow":["GET"]}}],"collection":[{"href":"https:\/\/podernacional.com\/index.php?rest_route=\/wp\/v2\/posts"}],"about":[{"href":"https:\/\/podernacional.com\/index.php?rest_route=\/wp\/v2\/types\/post"}],"author":[{"embeddable":true,"href":"https:\/\/podernacional.com\/index.php?rest_route=\/wp\/v2\/users\/1"}],"replies":[{"embeddable":true,"href":"https:\/\/podernacional.com\/index.php?rest_route=%2Fwp%2Fv2%2Fcomments&post=10220"}],"version-history":[{"count":1,"href":"https:\/\/podernacional.com\/index.php?rest_route=\/wp\/v2\/posts\/10220\/revisions"}],"predecessor-version":[{"id":10221,"href":"https:\/\/podernacional.com\/index.php?rest_route=\/wp\/v2\/posts\/10220\/revisions\/10221"}],"wp:featuredmedia":[{"embeddable":true,"href":"https:\/\/podernacional.com\/index.php?rest_route=\/wp\/v2\/media\/10222"}],"wp:attachment":[{"href":"https:\/\/podernacional.com\/index.php?rest_route=%2Fwp%2Fv2%2Fmedia&parent=10220"}],"wp:term":[{"taxonomy":"category","embeddable":true,"href":"https:\/\/podernacional.com\/index.php?rest_route=%2Fwp%2Fv2%2Fcategories&post=10220"},{"taxonomy":"post_tag","embeddable":true,"href":"https:\/\/podernacional.com\/index.php?rest_route=%2Fwp%2Fv2%2Ftags&post=10220"}],"curies":[{"name":"wp","href":"https:\/\/api.w.org\/{rel}","templated":true}]}}