{"id":10223,"date":"2022-11-04T17:57:32","date_gmt":"2022-11-04T22:57:32","guid":{"rendered":"https:\/\/podernacional.com\/?p=10223"},"modified":"2022-11-04T22:57:34","modified_gmt":"2022-11-04T22:57:34","slug":"llega-el-festival-provincial-abrazdxs-al-tango","status":"publish","type":"post","link":"https:\/\/podernacional.com\/?p=10223","title":{"rendered":"Llega el \u201cFestival Provincial Abrazdxs al Tango\u201d"},"content":{"rendered":"<h4>Tras recorrer distintas localidades, el ciclo de danza y milonga cierra el a\u00f1o con una edici\u00f3n hist\u00f3rica:<\/h4>\n<p>Festival Provincial Abrazdxs al Tango: As\u00ed como 7, 8, 9, 10 y 11 de diciembre en el Centro Provincial de las Artes Teatro Argentino.<\/p>\n<p>\u201cFestival Provincial Abrazdxs al Tango\u201d<\/p>\n<p>El Instituto Cultural de la Provincia de Buenos Aires anuncia el Festival Provincial Abrazadxs al Tango en La Plata.<\/p>\n<p>La cual es\u00a0una edici\u00f3n especial del ciclo de danza y milonga que recorre los municipios bonaerenses.<\/p>\n<p>Del 7 al 11 de diciembre, milongueros y milongueras tendr\u00e1n un encuentro in\u00e9dito.<\/p>\n<p>Esto\u00a0en el marco de la Semana de la Danza con m\u00e1s de 400 artistas, clases, seminarios y artistas de renombre.<\/p>\n<p>La sede tendr\u00e1 lugar nada menos que en el Centro Provincial de las Artes Teatro Argentino (9 y 51, La Plata).<\/p>\n<p>Ademas que\u00a0tanto \u00a0las entradas como las clases ser\u00e1n gratuitas, previa inscripci\u00f3n en la web \u00a0https:\/\/www.gba.gob.ar\/cultura\/abrazadxsaltango.<\/p>\n<h4>Durante 5 jornadas y 12 horas diarias de actividades, el emblem\u00e1tico teatro cobijar\u00e1 la participaci\u00f3n de m\u00e1s 400 artistas.<\/h4>\n<p>As\u00ed como de\u00a04 escenarios, 20 conciertos, 4 milongas, 30 parejas de tango y 15 disc jockeys.<\/p>\n<p>Tambi\u00e9n habr\u00e1 clases, seminarios, pr\u00e1cticas, milongas, \u00a0conciertos, tango con y para ni\u00f1es.<\/p>\n<p>Johanna Copes y David Palo, I\u00f1aki Urlezaga, Chino Laborde, Corina Herrera e In\u00e9s Muzzopappa, Los Reyes del Tango.<\/p>\n<p>Al igual que\u00a0Noelia Sinkunas, Las Rantifusas y m\u00e1s artistas de toda la provincia formar\u00e1n parte de la notable cartelera del evento.<\/p>\n<p>\u201cEs un orgullo poder llevar adelante un festival de estas dimensiones en La Plata, libre y gratuito para todos y todas las bonaerenses.<\/p>\n<p>Y poder plasmar en cierta manera el recorrido de un a\u00f1o donde no solo llevamos este ciclo a distintas localidades.<\/p>\n<p>Ademas que\u00a0sino que propusimos una mirada del tango.<\/p>\n<p>Pudimos demostrar que el tango no es de una sola manera, que se baila de una sola manera o que tiene un solo modo.<\/p>\n<p>Sino que es diverso \u00a0como la provincia de Buenos Aires\u201d, expres\u00f3 Florencia Saintout, presidenta del Instituto Cultural.<\/p>\n<h4>\u201cA veces pensamos que el tango es solamente para los turistas o solamente en la ciudad de Buenos Aires\u201d.<\/h4>\n<p>\u201cAdemas que\u00a0para el que va a verlo o puede pagar.<\/p>\n<p>\u201cY ac\u00e1 hay una pol\u00edtica de Estado que nos dice: el tango pueden bailarlo todos y todas\u201d. remarc\u00f2 Saintout.<\/p>\n<p>\u201cEste proyecto busca establecer la diversidad de programas para la difusi\u00f3n, interpretaci\u00f3n, creaci\u00f3n y experimentaci\u00f3n del tango.<\/p>\n<p>Esto en sus m\u00e1s variadas tendencias como danza popular argentina y como especie coreogr\u00e1fica.<\/p>\n<p>Con el objetivo de fomentar y revalorizar la disciplina, promoviendo la comunicaci\u00f3n, la identidad cultural, la participaci\u00f3n colectiva.<\/p>\n<p>Al igual que\u00a0la integraci\u00f3n social y la libertad de expresi\u00f3n e igualdad de g\u00e9nero\u201d, \u00a0se expres\u00f3 desde el Instituto Cultural.<\/p>\n<p>A lo largo del 2022, el ciclo convoc\u00f3 a centenares de milongueros y milongueras en su paso por Benito Ju\u00e1rez, Salto, Escobar.<\/p>\n<p>As\u00ed como\u00a0Tres Lomas , General Pinto y \u00a0Mar del Plata.<\/p>\n<p>En cada uno de esos encuentros se han ofrecido \u00a0clases de tango, milonga y vals.<\/p>\n<p>Al igual que las\u00a0cl\u00ednicas de formaci\u00f3n profesional, milonga y , ferias de indumentaria.<\/p>\n<p>As\u00ed como de zapatos y libros de tango producidos por pymes, artesanos y autores bonaerenses.<\/p>\n<p>Las clases abarcan un amplio rango etario de ni\u00f1os hasta adultos mayores.<\/p>\n","protected":false},"excerpt":{"rendered":"<p>Tras recorrer distintas localidades, el ciclo de danza y milonga cierra el a\u00f1o con una edici\u00f3n hist\u00f3rica: Festival Provincial Abrazdxs al Tango: As\u00ed como 7, 8, 9, 10 y 11 de diciembre en el Centro Provincial de las Artes Teatro Argentino. \u201cFestival Provincial Abrazdxs al Tango\u201d El Instituto Cultural de la Provincia de Buenos Aires [&hellip;]<\/p>\n","protected":false},"author":1,"featured_media":10225,"comment_status":"open","ping_status":"closed","sticky":false,"template":"","format":"standard","meta":{"footnotes":""},"categories":[2,5],"tags":[],"class_list":["post-10223","post","type-post","status-publish","format-standard","has-post-thumbnail","hentry","category-cultural","category-internacional"],"_links":{"self":[{"href":"https:\/\/podernacional.com\/index.php?rest_route=\/wp\/v2\/posts\/10223","targetHints":{"allow":["GET"]}}],"collection":[{"href":"https:\/\/podernacional.com\/index.php?rest_route=\/wp\/v2\/posts"}],"about":[{"href":"https:\/\/podernacional.com\/index.php?rest_route=\/wp\/v2\/types\/post"}],"author":[{"embeddable":true,"href":"https:\/\/podernacional.com\/index.php?rest_route=\/wp\/v2\/users\/1"}],"replies":[{"embeddable":true,"href":"https:\/\/podernacional.com\/index.php?rest_route=%2Fwp%2Fv2%2Fcomments&post=10223"}],"version-history":[{"count":1,"href":"https:\/\/podernacional.com\/index.php?rest_route=\/wp\/v2\/posts\/10223\/revisions"}],"predecessor-version":[{"id":10224,"href":"https:\/\/podernacional.com\/index.php?rest_route=\/wp\/v2\/posts\/10223\/revisions\/10224"}],"wp:featuredmedia":[{"embeddable":true,"href":"https:\/\/podernacional.com\/index.php?rest_route=\/wp\/v2\/media\/10225"}],"wp:attachment":[{"href":"https:\/\/podernacional.com\/index.php?rest_route=%2Fwp%2Fv2%2Fmedia&parent=10223"}],"wp:term":[{"taxonomy":"category","embeddable":true,"href":"https:\/\/podernacional.com\/index.php?rest_route=%2Fwp%2Fv2%2Fcategories&post=10223"},{"taxonomy":"post_tag","embeddable":true,"href":"https:\/\/podernacional.com\/index.php?rest_route=%2Fwp%2Fv2%2Ftags&post=10223"}],"curies":[{"name":"wp","href":"https:\/\/api.w.org\/{rel}","templated":true}]}}