{"id":10226,"date":"2022-11-04T18:10:01","date_gmt":"2022-11-04T23:10:01","guid":{"rendered":"https:\/\/podernacional.com\/?p=10226"},"modified":"2022-11-04T23:10:03","modified_gmt":"2022-11-04T23:10:03","slug":"deportes-eleva-a-700-euros-la-cuantia-maxima-de-subvencion","status":"publish","type":"post","link":"https:\/\/podernacional.com\/?p=10226","title":{"rendered":"Deportes eleva a 700 euros la cuant\u00eda m\u00e1xima de subvenci\u00f3n"},"content":{"rendered":"<h4>La otra novedad es que, por primera vez, contempla la participaci\u00f3n en campeonatos mundiales para la baremaci\u00f3n de esta convocatoria.<\/h4>\n<p>Cuant\u00eda m\u00e1xima: La cual que mantiene su presupuesto global de 6.000 euros<\/p>\n<p>Rom\u00e1n Ortega, concejal de Deportes del Ayuntamiento de Daimiel.<\/p>\n<p>Los deportistas daimiele\u00f1os que hayan participado a nivel individual en campeonatos de Espa\u00f1a, de Europa o del Mundo durante 2022.<\/p>\n<p>Ademas de que pueden solicitar la subvenci\u00f3n que un a\u00f1o m\u00e1s ha reservado para ellos el Ayuntamiento de Daimiel.<\/p>\n<p>La principal novedad es que la convocatoria ha ampliado a competiciones mundiales las citas deportivas que se pueden acreditar.<\/p>\n<p>As\u00ed como siempre que est\u00e9n reguladas por las federaciones correspondientes, como recogen las bases.<\/p>\n<p>As\u00ed lo ha explicado este viernes, el concejal de Deportes, Rom\u00e1n Ortega (Cuant\u00eda m\u00e1xima).<\/p>\n<p>Ademas de \u00a0quien recordaba que hasta el a\u00f1o pasado solo se contemplaba campeonatos europeos.<\/p>\n<p>\u00abtambi\u00e9n podemos encontrarnos, ojal\u00e1 que pronto, que compiten en campeonatos mundiales\u00bb.}<\/p>\n<h4>La otra novedad es que el m\u00e1ximo que puede recibir cada deportista se ha elevado de 500 a 700 euros.<\/h4>\n<p>La partida presupuestaria de la convocatoria se mantiene en 6.000 euros.<\/p>\n<p>As\u00ed como\u00a0los deportistas locales que la soliciten deben tener su ficha federativa en vigor y estar empadronados en Daimiel.<\/p>\n<p>Esto en\u00a0al menos, los tres \u00faltimos a\u00f1os a fecha 30 de septiembre de 2022.<\/p>\n<p>O bien\u00a0formar parte de una unidad familiar residente en la localidad.<\/p>\n<p>Dentro de los gastos subvencionables se incluyen los federativos, de desplazamiento, de hospedaje, en material deportivo o en fisioterapia.<\/p>\n<p>Entre otros m\u00e1s que recogen las bases, que ya est\u00e1n colgadas en el &#8216;Tabl\u00f3n de edictos digital&#8217; dentro de web municipal daimiel.es.<\/p>\n<p>El plazo de presentaci\u00f3n de solicitudes est\u00e1 abierto hasta el pr\u00f3ximo domingo 27 de noviembre.<\/p>\n<p>Nominaciones a los mejores deportistas del a\u00f1o (Cuant\u00eda m\u00e1xima).<\/p>\n<h4>Por otro lado, la Concejal\u00eda de Deportes ya trabaja en la organizaci\u00f3n de la 26\u00ba Gala del Deporte.<\/h4>\n<p>Ademas que se celebrar\u00e1 la noche del mi\u00e9rcoles 14 de diciembre en el teatro Ayala.<\/p>\n<p>En ese acto se reconocer\u00e1 a los mejores deportistas del \u00faltimo a\u00f1o en categor\u00eda masculina y femenina.<\/p>\n<p>As\u00ed como\u00a0tambi\u00e9n al mejor equipo o club de la pasada temporada.<\/p>\n<p>El plazo para presentar las nominaciones est\u00e1 abierto hasta el pr\u00f3ximo viernes 18 de noviembre.<\/p>\n<p>As\u00ed como\u00a0las pueden realizar asociaciones deportivas, culturales o juveniles, y las AMPAS de los colegios e institutos locales.<\/p>\n<p>En la nominaci\u00f3n, que hay que presentar en el Registro del Ayuntamiento de Daimiel, se deben justificar los m\u00e9ritos deportivos de los aspirantes.<\/p>\n<p>Rom\u00e1n Ortega animaba a participar en este proceso donde:<\/p>\n<p>\u00abAfortunadamente hay mucho donde elegir porque este a\u00f1o se han conseguido logros muy importantes\u00bb.<\/p>\n<p>No en vano, el Ayuntamiento de Daimiel encaden\u00f3 el pasado verano recepciones a equipos y deportistas locales \u00abdurante casi dos meses\u00bb, recordaba.<\/p>\n<p>En la Gala del Deporte tambi\u00e9n se incluir\u00e1n las tradicionales &#8216;Menciones Especiales&#8217;.<\/p>\n<p>Ortega indicaba que \u00absiempre hay alguien en mente\u00bb, pero emplazaba a pr\u00f3ximas fechas para confirmarlas.<\/p>\n<p>Ademas del porque \u00abtenemos mucha gente desconocida y colectivos que ayudan a que el deporte daimiele\u00f1o tire para delante\u00bb.<\/p>\n","protected":false},"excerpt":{"rendered":"<p>La otra novedad es que, por primera vez, contempla la participaci\u00f3n en campeonatos mundiales para la baremaci\u00f3n de esta convocatoria. Cuant\u00eda m\u00e1xima: La cual que mantiene su presupuesto global de 6.000 euros Rom\u00e1n Ortega, concejal de Deportes del Ayuntamiento de Daimiel. Los deportistas daimiele\u00f1os que hayan participado a nivel individual en campeonatos de Espa\u00f1a, de [&hellip;]<\/p>\n","protected":false},"author":1,"featured_media":10228,"comment_status":"open","ping_status":"closed","sticky":false,"template":"","format":"standard","meta":{"footnotes":""},"categories":[3,4],"tags":[],"class_list":["post-10226","post","type-post","status-publish","format-standard","has-post-thumbnail","hentry","category-deportes","category-espectaculos"],"_links":{"self":[{"href":"https:\/\/podernacional.com\/index.php?rest_route=\/wp\/v2\/posts\/10226","targetHints":{"allow":["GET"]}}],"collection":[{"href":"https:\/\/podernacional.com\/index.php?rest_route=\/wp\/v2\/posts"}],"about":[{"href":"https:\/\/podernacional.com\/index.php?rest_route=\/wp\/v2\/types\/post"}],"author":[{"embeddable":true,"href":"https:\/\/podernacional.com\/index.php?rest_route=\/wp\/v2\/users\/1"}],"replies":[{"embeddable":true,"href":"https:\/\/podernacional.com\/index.php?rest_route=%2Fwp%2Fv2%2Fcomments&post=10226"}],"version-history":[{"count":1,"href":"https:\/\/podernacional.com\/index.php?rest_route=\/wp\/v2\/posts\/10226\/revisions"}],"predecessor-version":[{"id":10227,"href":"https:\/\/podernacional.com\/index.php?rest_route=\/wp\/v2\/posts\/10226\/revisions\/10227"}],"wp:featuredmedia":[{"embeddable":true,"href":"https:\/\/podernacional.com\/index.php?rest_route=\/wp\/v2\/media\/10228"}],"wp:attachment":[{"href":"https:\/\/podernacional.com\/index.php?rest_route=%2Fwp%2Fv2%2Fmedia&parent=10226"}],"wp:term":[{"taxonomy":"category","embeddable":true,"href":"https:\/\/podernacional.com\/index.php?rest_route=%2Fwp%2Fv2%2Fcategories&post=10226"},{"taxonomy":"post_tag","embeddable":true,"href":"https:\/\/podernacional.com\/index.php?rest_route=%2Fwp%2Fv2%2Ftags&post=10226"}],"curies":[{"name":"wp","href":"https:\/\/api.w.org\/{rel}","templated":true}]}}