{"id":10229,"date":"2022-11-04T18:27:53","date_gmt":"2022-11-04T23:27:53","guid":{"rendered":"https:\/\/podernacional.com\/?p=10229"},"modified":"2022-11-04T23:27:55","modified_gmt":"2022-11-04T23:27:55","slug":"asturies-no-prohibira-los-espectaculos-taurinos","status":"publish","type":"post","link":"https:\/\/podernacional.com\/?p=10229","title":{"rendered":"Asturies no prohibir\u00e1 los espect\u00e1culos taurinos"},"content":{"rendered":"<h4>Podemos e IU se quedan solos en su iniciativa parlamentaria, respaldada por miles de firmas.<\/h4>\n<p>Asturies: \u00c1ngela Vallina (IU) y Rafael Palacios (Podemos) con representantes de la iniciativa anti-taurina<\/p>\n<p>\u201cEl progreso del que habla el bipartito es el de los 70 en Torremolinos\u201d<\/p>\n<p>Te contamos lo ocurrido centradas en la periferia.<\/p>\n<p>El pleno de la Junta General del Principado ha rechazado hoy una iniciativa conjunta de Podemos.<\/p>\n<p>Ademas de que \u00a0IU que ped\u00eda que el parlamento asturiano se posicionase contra los espect\u00e1culos taurinos.<\/p>\n<p>Al igual de\u00a0su mantenimiento en la regi\u00f3n al considerarlos:<\/p>\n<p>\u201cUna cruel expresi\u00f3n de maltrato animal que no puede justificarse por sus discutibles valores art\u00edsticos y culturales\u201d.<\/p>\n<h4>La proposici\u00f3n no de ley s\u00f3lo ha contado con el respaldo de los seis diputados de los grupos proponentes.<\/h4>\n<p>As\u00ed como en contra han votado los diecinueve diputados de PP, Ciudadanos, Foro, Vox y el Grupo Mixto mientras que el PSOE.<\/p>\n<p>Al igual que un\u00a0grupo mayoritario en la C\u00e1mara, ha optado por la abstenci\u00f3n.<\/p>\n<p>La iniciativa reclamaba, adem\u00e1s, al Ejecutivo asturiano que pidiese al Gobierno el central la derogaci\u00f3n de la ley.<\/p>\n<p>La cual\u00a0regula tauromaquia como patrimonio cultural, para permitir que Asturies pudiese legislar la prohibici\u00f3n de los espect\u00e1culos taurinos en todo su territorio.<\/p>\n<p>Podemos e IU vieron rechazada ya el pasado mes una propuesta para impedir la presencia y participaci\u00f3n de personas menores de 18 a\u00f1os.<\/p>\n<p>As\u00ed como\u00a0a festejos taurinos en Asturias, donde la tauromaquia pr\u00e1cticamente ha desparecido.<\/p>\n<p>Esto\u00a0un solo festejo en el \u00faltimo a\u00f1o despu\u00e9s de que el Ayuntamiento de Gij\u00f3n optara el a\u00f1o pasado por suprimir la Feria de Bego\u00f1a.<\/p>\n<p>La cual fue\u00a0la de mayor tradici\u00f3n en el Principado.<\/p>\n<p>Para el portavoz de Podemos, Rafael Palacios, la sociedad rechaza cada vez en mayor medida.<\/p>\n<h4>\u201cUn espect\u00e1culo atroz y denigrante\u201d al que s\u00f3lo mantiene en pie \u201cel dopaje institucional\u201d.<\/h4>\n<p>Esto\u00a0mientras su hom\u00f3loga de IU, \u00c1ngela Vallina, ha subrayado que se trata de una actividad \u201ccada vez m\u00e1s residual\u201d.<\/p>\n<p>As\u00ed como\u00a0en Asturias donde, por ejemplo, en Oviedo no hay toros desde hace m\u00e1s de quince a\u00f1os.<\/p>\n<p>El cual\u00a0su plaza ser\u00e1 rehabilitada para convertirla en recinto multiusos por un ayuntamiento del PP.<\/p>\n<p>A juicio de la socialista Lidia Fern\u00e1ndez, una decisi\u00f3n como la de prohibir la tauromaquia no puede afrontarse:<\/p>\n<p>\u201cCon el debate de una proposici\u00f3n no de ley\u201d, a la vez que ha cuestionado que Podemos e IU planteen un cambio normativa estatal.<\/p>\n<p>Esto en el parlamento asturiano en vez de hacerlo en el Congreso (Asturies).<\/p>\n<p>\u201cLo que no vale es que cuando no me gusta algo lo proh\u00edbo a todo el mundo, estamos hablando de libertad\u201d.<\/p>\n<p>Ademas de que\u00a0ha advertido la popular Gloria Garc\u00eda tras recordar a los grupos proponentes que en la \u00faltima fiesta del cordero en Ceuta.<\/p>\n<p>As\u00ed como de Melilla se sacrificaron diez mil animales y asistieron ni\u00f1os entre los que \u201clos m\u00e1s afortunados\u201d recibieron \u201cla cabeza degollada\u201d de las reses.<\/p>\n","protected":false},"excerpt":{"rendered":"<p>Podemos e IU se quedan solos en su iniciativa parlamentaria, respaldada por miles de firmas. Asturies: \u00c1ngela Vallina (IU) y Rafael Palacios (Podemos) con representantes de la iniciativa anti-taurina \u201cEl progreso del que habla el bipartito es el de los 70 en Torremolinos\u201d Te contamos lo ocurrido centradas en la periferia. El pleno de la [&hellip;]<\/p>\n","protected":false},"author":1,"featured_media":10231,"comment_status":"open","ping_status":"closed","sticky":false,"template":"","format":"standard","meta":{"footnotes":""},"categories":[4,5],"tags":[],"class_list":["post-10229","post","type-post","status-publish","format-standard","has-post-thumbnail","hentry","category-espectaculos","category-internacional"],"_links":{"self":[{"href":"https:\/\/podernacional.com\/index.php?rest_route=\/wp\/v2\/posts\/10229","targetHints":{"allow":["GET"]}}],"collection":[{"href":"https:\/\/podernacional.com\/index.php?rest_route=\/wp\/v2\/posts"}],"about":[{"href":"https:\/\/podernacional.com\/index.php?rest_route=\/wp\/v2\/types\/post"}],"author":[{"embeddable":true,"href":"https:\/\/podernacional.com\/index.php?rest_route=\/wp\/v2\/users\/1"}],"replies":[{"embeddable":true,"href":"https:\/\/podernacional.com\/index.php?rest_route=%2Fwp%2Fv2%2Fcomments&post=10229"}],"version-history":[{"count":1,"href":"https:\/\/podernacional.com\/index.php?rest_route=\/wp\/v2\/posts\/10229\/revisions"}],"predecessor-version":[{"id":10230,"href":"https:\/\/podernacional.com\/index.php?rest_route=\/wp\/v2\/posts\/10229\/revisions\/10230"}],"wp:featuredmedia":[{"embeddable":true,"href":"https:\/\/podernacional.com\/index.php?rest_route=\/wp\/v2\/media\/10231"}],"wp:attachment":[{"href":"https:\/\/podernacional.com\/index.php?rest_route=%2Fwp%2Fv2%2Fmedia&parent=10229"}],"wp:term":[{"taxonomy":"category","embeddable":true,"href":"https:\/\/podernacional.com\/index.php?rest_route=%2Fwp%2Fv2%2Fcategories&post=10229"},{"taxonomy":"post_tag","embeddable":true,"href":"https:\/\/podernacional.com\/index.php?rest_route=%2Fwp%2Fv2%2Ftags&post=10229"}],"curies":[{"name":"wp","href":"https:\/\/api.w.org\/{rel}","templated":true}]}}