{"id":10238,"date":"2022-11-05T11:20:49","date_gmt":"2022-11-05T16:20:49","guid":{"rendered":"https:\/\/podernacional.com\/?p=10238"},"modified":"2022-11-05T16:20:51","modified_gmt":"2022-11-05T16:20:51","slug":"concluye-con-gran-exito-festival-miquixtli-2022","status":"publish","type":"post","link":"https:\/\/podernacional.com\/?p=10238","title":{"rendered":"Concluye con gran \u00e9xito Festival Miquixtli 2022"},"content":{"rendered":"<h4>Por su impacto como punto de atracci\u00f3n tur\u00edstica, con una cartelera art\u00edstica integrada por talento morelense, promoci\u00f3n de tradiciones.<\/h4>\n<p>Festival Miquixtli 2022: As\u00ed como de concursos, exposiciones y actividades gratuitas en diversas sedes.<\/p>\n<p>Al igual que\u00a0el Festival Miquixtli concluy\u00f3 consolid\u00e1ndose como el evento cultural m\u00e1s importante de este 2020.<\/p>\n<p>Esto lo\u00a0inform\u00f3 Julieta Goldzweig Cornejo, titular de la Secretar\u00eda de Turismo y Cultura Morelos.<\/p>\n<p>La funcionaria destac\u00f3 que como parte del impulso al binomio turismo cultura generado por el gobernador Cuauht\u00e9moc Blanco.<\/p>\n<p>Ademas de que busc\u00f3 que en esta edici\u00f3n constituyera una plataforma s\u00f3lida para los artistas morelenses y un punto de atracci\u00f3n.<\/p>\n<p>\u201cAs\u00ed como de la\u00a0afluencia para turistas y visitantes que pasaron en Morelos los d\u00edas de asueto por \u201cD\u00eda de Muertos\u201d.<\/p>\n<p>En este sentido, se\u00f1al\u00f3 que la Plaza de Armas \u201cGeneral Emiliano Zapata Salazar\u201d en Cuernavaca fue el espacio de mayor afluencia.<\/p>\n<h4>Esto\u00a0gracias a la oferta cultural y art\u00edstica permanente y gratuita.<\/h4>\n<p>Adem\u00e1s de la expoventa integrada por productores, restauranteros y cocineras tradicionales morelenses.<\/p>\n<p>Goldzweig Cornejo resalt\u00f3 el concierto de la reconocida cantante Ximena Sari\u00f1ana del domingo 30 de octubre que atrajo a un gran n\u00famero de asistentes.<\/p>\n<p>Lo cual est\u00e1\u00a0ayudando a incrementar la afluencia en los establecimientos y comercios de las zonas aleda\u00f1as.<\/p>\n<p>Ademas de estar\u00a0provocando con ello un aumento en la derrama econ\u00f3mica del centro de la ciudad.<\/p>\n<p>Esto en conjunci\u00f3n con el concurso de fachadas, balcones y ofrendas que uni\u00f3 a la comunidad del primer cuadro de la capital.<\/p>\n<p>Ademas de que visti\u00f3 bellamente las calles de Cuernavaca.<\/p>\n<p>De igual manera, mencion\u00f3 la funci\u00f3n estelar de lucha libre realizada en la colonia Antonio Barona.<\/p>\n<p>Esto con luchadores de alto nivel como Rey Bucanero, Felino, Stuka, y Nitro, entre otros.<\/p>\n<p>As\u00ed como el concierto de la Sonora Dinamita, evento que fue presenciado por el gobernador Cuauht\u00e9moc Blanco.<\/p>\n<p>Esto\u00a0en una emocionante convivencia con las familias que asistieron a disfrutar de este espect\u00e1culo.<\/p>\n<p>Festival Miquixtli 2022<\/p>\n","protected":false},"excerpt":{"rendered":"<p>Por su impacto como punto de atracci\u00f3n tur\u00edstica, con una cartelera art\u00edstica integrada por talento morelense, promoci\u00f3n de tradiciones. Festival Miquixtli 2022: As\u00ed como de concursos, exposiciones y actividades gratuitas en diversas sedes. Al igual que\u00a0el Festival Miquixtli concluy\u00f3 consolid\u00e1ndose como el evento cultural m\u00e1s importante de este 2020. Esto lo\u00a0inform\u00f3 Julieta Goldzweig Cornejo, titular [&hellip;]<\/p>\n","protected":false},"author":1,"featured_media":10240,"comment_status":"open","ping_status":"closed","sticky":false,"template":"","format":"standard","meta":{"footnotes":""},"categories":[2,5],"tags":[],"class_list":["post-10238","post","type-post","status-publish","format-standard","has-post-thumbnail","hentry","category-cultural","category-internacional"],"_links":{"self":[{"href":"https:\/\/podernacional.com\/index.php?rest_route=\/wp\/v2\/posts\/10238","targetHints":{"allow":["GET"]}}],"collection":[{"href":"https:\/\/podernacional.com\/index.php?rest_route=\/wp\/v2\/posts"}],"about":[{"href":"https:\/\/podernacional.com\/index.php?rest_route=\/wp\/v2\/types\/post"}],"author":[{"embeddable":true,"href":"https:\/\/podernacional.com\/index.php?rest_route=\/wp\/v2\/users\/1"}],"replies":[{"embeddable":true,"href":"https:\/\/podernacional.com\/index.php?rest_route=%2Fwp%2Fv2%2Fcomments&post=10238"}],"version-history":[{"count":1,"href":"https:\/\/podernacional.com\/index.php?rest_route=\/wp\/v2\/posts\/10238\/revisions"}],"predecessor-version":[{"id":10239,"href":"https:\/\/podernacional.com\/index.php?rest_route=\/wp\/v2\/posts\/10238\/revisions\/10239"}],"wp:featuredmedia":[{"embeddable":true,"href":"https:\/\/podernacional.com\/index.php?rest_route=\/wp\/v2\/media\/10240"}],"wp:attachment":[{"href":"https:\/\/podernacional.com\/index.php?rest_route=%2Fwp%2Fv2%2Fmedia&parent=10238"}],"wp:term":[{"taxonomy":"category","embeddable":true,"href":"https:\/\/podernacional.com\/index.php?rest_route=%2Fwp%2Fv2%2Fcategories&post=10238"},{"taxonomy":"post_tag","embeddable":true,"href":"https:\/\/podernacional.com\/index.php?rest_route=%2Fwp%2Fv2%2Ftags&post=10238"}],"curies":[{"name":"wp","href":"https:\/\/api.w.org\/{rel}","templated":true}]}}