{"id":10241,"date":"2022-11-05T11:24:35","date_gmt":"2022-11-05T16:24:35","guid":{"rendered":"https:\/\/podernacional.com\/?p=10241"},"modified":"2022-11-05T16:24:38","modified_gmt":"2022-11-05T16:24:38","slug":"augusto-fernandez-toma-ventaja-sobre-ogura-para-la-carrera-de-moto2","status":"publish","type":"post","link":"https:\/\/podernacional.com\/?p=10241","title":{"rendered":"Augusto Fern\u00e1ndez toma ventaja sobre Ogura para la carrera de Moto2"},"content":{"rendered":"<h4>Alonso L\u00f3pez partir\u00e1 primero ante Acosta y el balear<\/h4>\n<p>Augusto Fern\u00e1ndez: Guevara logra la \u00faltima pole de Moto3 y Garc\u00eda Dols parte por delante de Foggia<\/p>\n<p>El piloto espa\u00f1ol Alonso L\u00f3pez (Boscoscuro) ha firmado la pole para la carrera de Moto2 del Gran Premio de la Comunitat Valenciana.<\/p>\n<p>As\u00ed como de la\u00a0\u00faltima prueba del Mundial de motociclismo, por delante de Pedro Acosta (Kalex) y del l\u00edder Augusto Fern\u00e1ndez (Kalex).<\/p>\n<p>La cual que arrancar\u00e1 tercero en una cita en la que su principal rival por el t\u00edtulo, el japon\u00e9s Ai Ogura (Kalex), empezar\u00e1 quinto.<\/p>\n<p>Con su decimos\u00e9ptima primera fila de salida en 20 carreras.<\/p>\n<p>As\u00ed como\u00a0el balear se garantiza partir con una corta ventaja sobre el nip\u00f3n, a 9,5 puntos en el campeonato.<\/p>\n<p>A Augusto le valdr\u00eda con estar en el podio para coronarse campe\u00f3n de Moto2.<\/p>\n<p>Adem\u00e1s, Ar\u00f3n Canet (Kalex) saldr\u00e1 s\u00e9ptimo y Ferm\u00edn Aldeguer (Boscoscuro) lo har\u00e1 octavo, con Albert Arenas (Kalex) und\u00e9cimo.<\/p>\n<p>Ademas de la\u00a0Manu Gonz\u00e1lez (Kalex) decimocuarto y Jeremy Alcoba (Kalex) decimoctavo.<\/p>\n<h4>Borja G\u00f3mez (Kalex) iniciar\u00e1 la carrera vig\u00e9simo primero, Alex Escrig (MV Augusta) vig\u00e9simo cuarto y Marcos Ram\u00edrez (MC Augusta), vig\u00e9simo noveno.<\/h4>\n<p>En Moto3, Izan Guevara (GasGas), campe\u00f3n del mundo de Moto3, firm\u00f3 la pole para una carrera en la que su compa\u00f1ero Sergio Garc\u00eda Dols (GasGas).<\/p>\n<p>Lo cual\u00a0partir\u00e1 tercero por delante de su rival por el subcampeonato, el italiano Dennis Foggia (Honda), s\u00e9ptimo.<\/p>\n<p>En el arranque de las clasificaciones en el Circuito Ricardo Tormo de Cheste, Carlos Tatay (CFMoto) estableci\u00f3 el primer crono de referencia.<\/p>\n<p>Esto\u00a0antes de que todos los pilotos se sucediesen en la cabeza de la tabla de tiempos.<\/p>\n<p>As\u00ed como\u00a0con el japon\u00e9s Tatsuki Suzuki (Honda) asent\u00e1ndose en la primera plaza.<\/p>\n<p>A falta de tres minutos, Sergio Garc\u00eda Dols se aup\u00f3 a lo m\u00e1s alto, pero el turco Deniz \u00d6nc\u00fc (KTM) primero y el vigente campe\u00f3n despu\u00e9s.<\/p>\n<p>Ademas\u00a0con una marca final de 1:38.479, le desplazaron al tercer lugar, cerrando la primera fila de la parrilla.<\/p>\n<p>Foggia, a ocho puntos del de Burriana en la general, deber\u00e1 remontar desde la s\u00e9ptima posici\u00f3n si quiere luchar por el subcampeonato.<\/p>\n<p>Por su parte Iv\u00e1n Ortol\u00e1 (KTM) iniciar\u00e1 la cita sexto, Jaume Masi\u00e0 (KTM) lo har\u00e1 und\u00e9cimo, David Salvador (KTM) decimotercero.<\/p>\n<p>Esto\u00a0por delante de Daviz Mu\u00f1oz (KTM) y Dani Holgado (KTM), Xavi Artigas (CFMoto) arrancar\u00e1 decimosexto y Tatay, decimos\u00e9ptimo.<\/p>\n<p>Entre los espa\u00f1oles que no consiguieron avanzar a la Q2, David Almansa (KTM) saldr\u00e1 vig\u00e9simo segundo, Adri\u00e1n Fern\u00e1ndez (KTM).<\/p>\n<p>Lo cual comenzar\u00e1 vig\u00e9simo sexto y Ana Carrasco (KTM), \u00faltima.<\/p>\n","protected":false},"excerpt":{"rendered":"<p>Alonso L\u00f3pez partir\u00e1 primero ante Acosta y el balear Augusto Fern\u00e1ndez: Guevara logra la \u00faltima pole de Moto3 y Garc\u00eda Dols parte por delante de Foggia El piloto espa\u00f1ol Alonso L\u00f3pez (Boscoscuro) ha firmado la pole para la carrera de Moto2 del Gran Premio de la Comunitat Valenciana. As\u00ed como de la\u00a0\u00faltima prueba del Mundial [&hellip;]<\/p>\n","protected":false},"author":1,"featured_media":10243,"comment_status":"open","ping_status":"closed","sticky":false,"template":"","format":"standard","meta":{"footnotes":""},"categories":[3,5],"tags":[],"class_list":["post-10241","post","type-post","status-publish","format-standard","has-post-thumbnail","hentry","category-deportes","category-internacional"],"_links":{"self":[{"href":"https:\/\/podernacional.com\/index.php?rest_route=\/wp\/v2\/posts\/10241","targetHints":{"allow":["GET"]}}],"collection":[{"href":"https:\/\/podernacional.com\/index.php?rest_route=\/wp\/v2\/posts"}],"about":[{"href":"https:\/\/podernacional.com\/index.php?rest_route=\/wp\/v2\/types\/post"}],"author":[{"embeddable":true,"href":"https:\/\/podernacional.com\/index.php?rest_route=\/wp\/v2\/users\/1"}],"replies":[{"embeddable":true,"href":"https:\/\/podernacional.com\/index.php?rest_route=%2Fwp%2Fv2%2Fcomments&post=10241"}],"version-history":[{"count":1,"href":"https:\/\/podernacional.com\/index.php?rest_route=\/wp\/v2\/posts\/10241\/revisions"}],"predecessor-version":[{"id":10242,"href":"https:\/\/podernacional.com\/index.php?rest_route=\/wp\/v2\/posts\/10241\/revisions\/10242"}],"wp:featuredmedia":[{"embeddable":true,"href":"https:\/\/podernacional.com\/index.php?rest_route=\/wp\/v2\/media\/10243"}],"wp:attachment":[{"href":"https:\/\/podernacional.com\/index.php?rest_route=%2Fwp%2Fv2%2Fmedia&parent=10241"}],"wp:term":[{"taxonomy":"category","embeddable":true,"href":"https:\/\/podernacional.com\/index.php?rest_route=%2Fwp%2Fv2%2Fcategories&post=10241"},{"taxonomy":"post_tag","embeddable":true,"href":"https:\/\/podernacional.com\/index.php?rest_route=%2Fwp%2Fv2%2Ftags&post=10241"}],"curies":[{"name":"wp","href":"https:\/\/api.w.org\/{rel}","templated":true}]}}