{"id":10244,"date":"2022-11-05T11:29:00","date_gmt":"2022-11-05T16:29:00","guid":{"rendered":"https:\/\/podernacional.com\/?p=10244"},"modified":"2022-11-05T16:29:02","modified_gmt":"2022-11-05T16:29:02","slug":"gato-cuba-reflexiona-sobre-fin-de-su-matrimonio-con-melissa-uno-nunca-espera-llegar-a-tanto","status":"publish","type":"post","link":"https:\/\/podernacional.com\/?p=10244","title":{"rendered":"\u2018Gato\u2019 Cuba reflexiona sobre fin de su matrimonio con Melissa: \u201cUno nunca espera llegar a tanto\u201d"},"content":{"rendered":"<h4>Rodrigo Cuba se quebr\u00f3 al recordar su matrimonio con Melissa Paredes.<\/h4>\n<p>Cuba: Ademas de que dej\u00f3 entrever que el ampay de su exesposa con Anthony Aranda afect\u00f3 su rendimiento en el Sport Boys.<\/p>\n<p>Melissa Paredes y Rodrigo Cuba se casaron en el 2016.<\/p>\n<p>El futbolista del Sport Boys Rodrigo Cuba se sincer\u00f3 en una entrevista que brind\u00f3 al periodista deportivo Giancarlo Granda.<\/p>\n<p>Ademas de que se refiri\u00f3 acerca del \u00faltimo a\u00f1o de su vida, en el que se vio envuelto en varios esc\u00e1ndalos.<\/p>\n<p>Esto\u00a0luego de que su exesposa Melissa Paredes fuera ampayada en situaciones cari\u00f1osas con el bailar\u00edn Anthony Aranda cuando a\u00fan eran esposos.<\/p>\n<p>Este hecho provoc\u00f3 el divorcio de la pareja y una serie de denuncias entre ambos.<\/p>\n<h4>Rodrigo Cuba lamenta exposici\u00f3n de su matrimonio<\/h4>\n<p>Rodrigo Cuba se mostr\u00f3 afectado; se refiri\u00f3 a la exposici\u00f3n medi\u00e1tica que tuvo el final de su matrimonio con Melissa Paredes a causa del esc\u00e1ndalo.<\/p>\n<p>En ese sentido, se\u00f1al\u00f3 que nunca se esper\u00f3 ser el protagonista de varios titulares por la situaci\u00f3n que atravesaba con su exesposa.<\/p>\n<p>\u201cYo entiendo que es su trabajo (de los medios de espect\u00e1culos), pero son bien invasivos. Uno no est\u00e1 acostumbrado a esa exposici\u00f3n\u201d.<\/p>\n<p>\u201cTe llegas a adaptar bien en el proceso porque hemos estado bastante tiempo juntos (con Melissa Paredes)\u201d.<\/p>\n<p>\u201cPero uno no est\u00e1 acostumbrado a esa exposici\u00f3n, a tanto problema\u201d, coment\u00f3.<\/p>\n<p>Segundos m\u00e1s tarde, Cuba se quebr\u00f3 al afirmar que dicha situaci\u00f3n habr\u00eda afectado su rendimiento en el f\u00fatbol.<\/p>\n<p>\u201c\u00bfC\u00f3mo haces para jugar con tanto problema?\u201d, dijo entre l\u00e1grimas.<\/p>\n<p>Melissa Paredes cont\u00f3 c\u00f3mo es su relaci\u00f3n con Rodrigo Cuba.<\/p>\n<h4>Cuba revela por qu\u00e9 acept\u00f3 entrevista con Magaly<\/h4>\n<p>Con respecto a la popular entrevista que brind\u00f3 a Magaly Medina tras poner fin a su matrimonio.<\/p>\n<p>Rodrigo Cuba detall\u00f3 que no cobr\u00f3 nada, tal como su expareja Melissa Paredes lo dej\u00f3 entrever en el pasado. Asimismo.<\/p>\n<p>Lo cual\u00a0aclar\u00f3 que acept\u00f3 porque le ofrecieron que hable de su rol de padre.<\/p>\n<p>\u201cLa verdad que nunca he cobrado por una entrevista, dije voy a ir donde Magaly porque me dijeron que quer\u00edan saber mi rol como pap\u00e1\u201d.<\/p>\n<p>\u201cO bien\u00a0c\u00f3mo era\u201d, sostuvo.<\/p>\n","protected":false},"excerpt":{"rendered":"<p>Rodrigo Cuba se quebr\u00f3 al recordar su matrimonio con Melissa Paredes. Cuba: Ademas de que dej\u00f3 entrever que el ampay de su exesposa con Anthony Aranda afect\u00f3 su rendimiento en el Sport Boys. Melissa Paredes y Rodrigo Cuba se casaron en el 2016. El futbolista del Sport Boys Rodrigo Cuba se sincer\u00f3 en una entrevista [&hellip;]<\/p>\n","protected":false},"author":1,"featured_media":10246,"comment_status":"open","ping_status":"closed","sticky":false,"template":"","format":"standard","meta":{"footnotes":""},"categories":[4,5],"tags":[],"class_list":["post-10244","post","type-post","status-publish","format-standard","has-post-thumbnail","hentry","category-espectaculos","category-internacional"],"_links":{"self":[{"href":"https:\/\/podernacional.com\/index.php?rest_route=\/wp\/v2\/posts\/10244","targetHints":{"allow":["GET"]}}],"collection":[{"href":"https:\/\/podernacional.com\/index.php?rest_route=\/wp\/v2\/posts"}],"about":[{"href":"https:\/\/podernacional.com\/index.php?rest_route=\/wp\/v2\/types\/post"}],"author":[{"embeddable":true,"href":"https:\/\/podernacional.com\/index.php?rest_route=\/wp\/v2\/users\/1"}],"replies":[{"embeddable":true,"href":"https:\/\/podernacional.com\/index.php?rest_route=%2Fwp%2Fv2%2Fcomments&post=10244"}],"version-history":[{"count":1,"href":"https:\/\/podernacional.com\/index.php?rest_route=\/wp\/v2\/posts\/10244\/revisions"}],"predecessor-version":[{"id":10245,"href":"https:\/\/podernacional.com\/index.php?rest_route=\/wp\/v2\/posts\/10244\/revisions\/10245"}],"wp:featuredmedia":[{"embeddable":true,"href":"https:\/\/podernacional.com\/index.php?rest_route=\/wp\/v2\/media\/10246"}],"wp:attachment":[{"href":"https:\/\/podernacional.com\/index.php?rest_route=%2Fwp%2Fv2%2Fmedia&parent=10244"}],"wp:term":[{"taxonomy":"category","embeddable":true,"href":"https:\/\/podernacional.com\/index.php?rest_route=%2Fwp%2Fv2%2Fcategories&post=10244"},{"taxonomy":"post_tag","embeddable":true,"href":"https:\/\/podernacional.com\/index.php?rest_route=%2Fwp%2Fv2%2Ftags&post=10244"}],"curies":[{"name":"wp","href":"https:\/\/api.w.org\/{rel}","templated":true}]}}