{"id":10250,"date":"2022-11-05T12:04:41","date_gmt":"2022-11-05T17:04:41","guid":{"rendered":"https:\/\/podernacional.com\/?p=10250"},"modified":"2022-11-05T17:04:43","modified_gmt":"2022-11-05T17:04:43","slug":"hoteleros-cancun-pierde-cuota-de-turismo-de-usa-con-los-cabos","status":"publish","type":"post","link":"https:\/\/podernacional.com\/?p=10250","title":{"rendered":"Hoteleros: Canc\u00fan pierde cuota de turismo de USA con Los Cabos"},"content":{"rendered":"<h4>Canc\u00fan est\u00e1 perdiendo cuota de mercado de turismo estadounidense respecto a otros destinos como Los Cabos.<\/h4>\n<p>Canc\u00fan pierde cuota de turismo: As\u00ed lo asegura el presidente de los hoteleros de Canc\u00fan, Puerto Morelos e Isla Mujeres, Jes\u00fas Almaguer.<\/p>\n<p>Para Almaguer, la competencia por el turismo internacional entre los destinos m\u00e1s demandados por los estadounidenses se recrudecer\u00e1 en el pa\u00eds.<\/p>\n<p>Por ello, ha rechazado la propuesta de algunos diputados locales de disminuir el presupuesto para 2023.<\/p>\n<p>Esto del Consejo de Promoci\u00f3n Tur\u00edstica de Quintana Roo (CPTQ).<\/p>\n<p>En este sentido, ha asegurado que se necesita mantener la presencia de las marcas tur\u00edsticas como Canc\u00fan.<\/p>\n<p>Al igual que de\u00a0la Riviera Maya en los principales mercados internacionales.<\/p>\n<p>Almaguer tambi\u00e9n ha destacado que ya est\u00e1 lista la comitiva de Quintana Roo que participar\u00e1 en el World Travel Market (WTM).<\/p>\n<h4>Ademas de\u00a0que se celebrar\u00e1 en Londres del 7 al 9 de noviembre.<\/h4>\n<p>As\u00ed como la Comitiva de Canc\u00fan a WTM de Londres a\u00f1ora a Mara Lezama.<\/p>\n<p>La cual menciona que ya est\u00e1 lista la comitiva de Quintana Roo que participar\u00e1 en el World Travel Market (WTM).<\/p>\n<p>Menciona ademas de que se celebrar\u00e1 en Londres del 7 al 9 de noviembre.<\/p>\n<p>Ademas de que se indic\u00f3 el presidente de la Asociaci\u00f3n de Hoteles de Canc\u00fan, Puerto Morelos e Isla Mujeres, Jes\u00fas Almaguer Salazar.<\/p>\n<p>\u201cSer\u00eda bueno que fuera la gobernadora Mara Lezama, obviamente y las cabezas municipales, para darle m\u00e1s fuerza a la delegaci\u00f3n\u201d.<\/p>\n<p>\u201cPero quienes estemos all\u00ed haremos todo lo posible por promocionar y difundir y sobre todo captar negocio para el Caribe mexicano\u201d, indic\u00f3.<\/p>\n<p>Lo anterior, luego de dar a conocer que la gobernadora no asistir\u00e1 por atender temas torales en Quintana Roo.<\/p>\n<p>Pero estar\u00e1 asistiendo el secretario de Turismo e insisti\u00f3 en que har\u00e1n hasta lo imposible.<\/p>\n<p>Esto para incrementar el flujo tur\u00edstico para las pr\u00f3ximas temporadas vacacionales.<\/p>\n<p>Abund\u00f3 que estar\u00e1n acompa\u00f1ado al Consejo de Promoci\u00f3n Tur\u00edstica de Quintana Roo y a la secretar\u00eda de Turismo estatal.<\/p>\n<p>As\u00ed como federal para impulsar la industria tur\u00edstica y con ello captar m\u00e1s visitantes e inversiones para el Caribe Mexicano.<\/p>\n<p>Canc\u00fan pierde cuota de turismo<\/p>\n","protected":false},"excerpt":{"rendered":"<p>Canc\u00fan est\u00e1 perdiendo cuota de mercado de turismo estadounidense respecto a otros destinos como Los Cabos. Canc\u00fan pierde cuota de turismo: As\u00ed lo asegura el presidente de los hoteleros de Canc\u00fan, Puerto Morelos e Isla Mujeres, Jes\u00fas Almaguer. Para Almaguer, la competencia por el turismo internacional entre los destinos m\u00e1s demandados por los estadounidenses se [&hellip;]<\/p>\n","protected":false},"author":1,"featured_media":10252,"comment_status":"open","ping_status":"closed","sticky":false,"template":"","format":"standard","meta":{"footnotes":""},"categories":[6,10],"tags":[],"class_list":["post-10250","post","type-post","status-publish","format-standard","has-post-thumbnail","hentry","category-local","category-quintana-roo"],"_links":{"self":[{"href":"https:\/\/podernacional.com\/index.php?rest_route=\/wp\/v2\/posts\/10250","targetHints":{"allow":["GET"]}}],"collection":[{"href":"https:\/\/podernacional.com\/index.php?rest_route=\/wp\/v2\/posts"}],"about":[{"href":"https:\/\/podernacional.com\/index.php?rest_route=\/wp\/v2\/types\/post"}],"author":[{"embeddable":true,"href":"https:\/\/podernacional.com\/index.php?rest_route=\/wp\/v2\/users\/1"}],"replies":[{"embeddable":true,"href":"https:\/\/podernacional.com\/index.php?rest_route=%2Fwp%2Fv2%2Fcomments&post=10250"}],"version-history":[{"count":1,"href":"https:\/\/podernacional.com\/index.php?rest_route=\/wp\/v2\/posts\/10250\/revisions"}],"predecessor-version":[{"id":10251,"href":"https:\/\/podernacional.com\/index.php?rest_route=\/wp\/v2\/posts\/10250\/revisions\/10251"}],"wp:featuredmedia":[{"embeddable":true,"href":"https:\/\/podernacional.com\/index.php?rest_route=\/wp\/v2\/media\/10252"}],"wp:attachment":[{"href":"https:\/\/podernacional.com\/index.php?rest_route=%2Fwp%2Fv2%2Fmedia&parent=10250"}],"wp:term":[{"taxonomy":"category","embeddable":true,"href":"https:\/\/podernacional.com\/index.php?rest_route=%2Fwp%2Fv2%2Fcategories&post=10250"},{"taxonomy":"post_tag","embeddable":true,"href":"https:\/\/podernacional.com\/index.php?rest_route=%2Fwp%2Fv2%2Ftags&post=10250"}],"curies":[{"name":"wp","href":"https:\/\/api.w.org\/{rel}","templated":true}]}}