{"id":10253,"date":"2022-11-05T12:16:08","date_gmt":"2022-11-05T17:16:08","guid":{"rendered":"https:\/\/podernacional.com\/?p=10253"},"modified":"2022-11-05T17:16:09","modified_gmt":"2022-11-05T17:16:09","slug":"solicitara-senado-que-autoridades-atiendan-a-desplazados-en-zacatecas","status":"publish","type":"post","link":"https:\/\/podernacional.com\/?p=10253","title":{"rendered":"Solicitar\u00e1 Senado que autoridades atiendan a desplazados en Zacatecas"},"content":{"rendered":"<h4>La senadora Geovanna Ba\u00f1uelos celebr\u00f3 que el Senado de la Rep\u00fablica aprob\u00f3 solicitar al Gobierno de Zacatecas<\/h4>\n<p>Senado: As\u00ed como a los gobiernos municipales fortalecer su coordinaci\u00f3n para brindar la asistencia necesaria.<\/p>\n<p>Esto\u00a0a las familias que han sido obligadas a dejar sus hogares a causa de la violencia que azota diversas regiones del estado.<\/p>\n<p>Ademas de la provocada por grupos criminales.<\/p>\n<p>La coordinadora del Grupo Parlamentario del Partido del Trabajo resalt\u00f3 que lo anterior representa un importante paso para devolverle la tranquilidad a los zacatecanos.<\/p>\n<p>As\u00ed como de\u00a0garantizar el respeto de sus derechos humanos.<\/p>\n<p>Asimismo, agradeci\u00f3 la sensibilidad de los integrantes de la Comisi\u00f3n de Seguridad P\u00fablica para aprobar su punto de acuerdo.<\/p>\n<p>Al igual que de reconocer que existen el fen\u00f3meno del desplazamiento forzado en Zacatecas a ra\u00edz de la presencia de grupos de la delincuencia.<\/p>\n<h4>Ademas de\u00a0que hasta el momento ha provocado que m\u00e1s de dos mil habitantes del municipio de Jerez, Zacatecas, hayan tenido que abandonar sus hogares.<\/h4>\n<p>\u201cEl fen\u00f3meno del desplazamiento forzado es una realidad triste de afrontar,estas personas se ven obligadas de un instante a otro a abandonar sus hogares\u201d.<\/p>\n<p>\u201cAs\u00ed como de\u00a0sus centros laborales o escolares, sus muchas o pocas pertenencias, pero, sobre todo, abandonan sus sue\u00f1os, su historia\u201d.<\/p>\n<p>\u201cAdemas de\u00a0su memoria, su tierra, su patrimonio de toda la vida\u201d, lament\u00f3 Geovanna Ba\u00f1uelos.<\/p>\n<p>Adem\u00e1s, resalt\u00f3 que quienes viven la situaci\u00f3n de desplazamiento forzado se encuentran en condiciones de extrema vulnerabilidad.<\/p>\n<p>Esto\u00a0debido a la falta de protecci\u00f3n f\u00edsica, a la p\u00e9rdida irreparable de sus seres queridos, medios de subsistencia y su patrimonio familiar.<\/p>\n<h4>\u201cHoy, Zacatecas es sin\u00f3nimo de sangre, dolor, tragedia y destrucci\u00f3n. Debemos actuar para reorientar el presente\u201d.<\/h4>\n<p>\u201cAl igual que\u00a0el futuro del Estado para encontrar la paz y seguridad que tanto hacen falta\u201d, asever\u00f3 Geovanna Ba\u00f1uelos.<\/p>\n<p>Por ello, dijo, la aprobaci\u00f3n de este punto de acuerdo se suma a los esfuerzos realizados desde el Gobierno Federal.<\/p>\n<p>Esto para disminuir la inseguridad en la entidad y para que las autoridades atiendan las principales necesidades de los desplazados.<\/p>\n<p>Como son acceso a los servicios de salud, vivienda, documentos personales, trabajo y educaci\u00f3n.<\/p>\n<p>Finalmente, la l\u00edder petista afirm\u00f3 que el Grupo Parlamentario del Partido del Trabajo no ignorar\u00e1 jam\u00e1s la problem\u00e1tica del desplazamiento interno.<\/p>\n<p>Lo cual es\u00a0forzado en el estado de Zacatecas, ni en el resto del pa\u00eds.<\/p>\n","protected":false},"excerpt":{"rendered":"<p>La senadora Geovanna Ba\u00f1uelos celebr\u00f3 que el Senado de la Rep\u00fablica aprob\u00f3 solicitar al Gobierno de Zacatecas Senado: As\u00ed como a los gobiernos municipales fortalecer su coordinaci\u00f3n para brindar la asistencia necesaria. Esto\u00a0a las familias que han sido obligadas a dejar sus hogares a causa de la violencia que azota diversas regiones del estado. Ademas [&hellip;]<\/p>\n","protected":false},"author":1,"featured_media":10255,"comment_status":"open","ping_status":"closed","sticky":false,"template":"","format":"standard","meta":{"footnotes":""},"categories":[7,8,9],"tags":[],"class_list":["post-10253","post","type-post","status-publish","format-standard","has-post-thumbnail","hentry","category-nacional","category-policia","category-politica"],"_links":{"self":[{"href":"https:\/\/podernacional.com\/index.php?rest_route=\/wp\/v2\/posts\/10253","targetHints":{"allow":["GET"]}}],"collection":[{"href":"https:\/\/podernacional.com\/index.php?rest_route=\/wp\/v2\/posts"}],"about":[{"href":"https:\/\/podernacional.com\/index.php?rest_route=\/wp\/v2\/types\/post"}],"author":[{"embeddable":true,"href":"https:\/\/podernacional.com\/index.php?rest_route=\/wp\/v2\/users\/1"}],"replies":[{"embeddable":true,"href":"https:\/\/podernacional.com\/index.php?rest_route=%2Fwp%2Fv2%2Fcomments&post=10253"}],"version-history":[{"count":1,"href":"https:\/\/podernacional.com\/index.php?rest_route=\/wp\/v2\/posts\/10253\/revisions"}],"predecessor-version":[{"id":10254,"href":"https:\/\/podernacional.com\/index.php?rest_route=\/wp\/v2\/posts\/10253\/revisions\/10254"}],"wp:featuredmedia":[{"embeddable":true,"href":"https:\/\/podernacional.com\/index.php?rest_route=\/wp\/v2\/media\/10255"}],"wp:attachment":[{"href":"https:\/\/podernacional.com\/index.php?rest_route=%2Fwp%2Fv2%2Fmedia&parent=10253"}],"wp:term":[{"taxonomy":"category","embeddable":true,"href":"https:\/\/podernacional.com\/index.php?rest_route=%2Fwp%2Fv2%2Fcategories&post=10253"},{"taxonomy":"post_tag","embeddable":true,"href":"https:\/\/podernacional.com\/index.php?rest_route=%2Fwp%2Fv2%2Ftags&post=10253"}],"curies":[{"name":"wp","href":"https:\/\/api.w.org\/{rel}","templated":true}]}}