{"id":10271,"date":"2022-11-07T18:10:49","date_gmt":"2022-11-07T23:10:49","guid":{"rendered":"https:\/\/podernacional.com\/?p=10271"},"modified":"2022-11-07T23:10:52","modified_gmt":"2022-11-07T23:10:52","slug":"el-futbol-europeo-presiona-a-la-fifa-para-que-responda-sobre-los-derechos-humanos","status":"publish","type":"post","link":"https:\/\/podernacional.com\/?p=10271","title":{"rendered":"El f\u00fatbol europeo presiona a la FIFA para que responda sobre los derechos humanos"},"content":{"rendered":"<h4>FIFA<\/h4>\n<p>F\u00fatbol europeo: La Copa Mundial de la FIFA se celebra en Qatar, a partir del 20 de noviembre.<\/p>\n<p>Suiza es uno de los pa\u00edses europeos que exigen al organismo mundial del f\u00fatbol, la FIFA, que ofrezca \u00abrespuestas concretas\u00bb.<\/p>\n<p>Ademas que\u00a0sobre cuestiones relacionadas con los trabajadores inmigrantes antes de que comience la Copa del Mundo de Qatar.<\/p>\n<p>En una declaraci\u00f3n conjuntaEnlace externo, los pa\u00edses reconocen que se han hecho progresos significativos en Qatar.<\/p>\n<p>Esto\u00a0en materia de derechos laborales, pero afirman que siguen existiendo retos en el pa\u00eds anfitri\u00f3n \u00abfuera del terreno de juego\u00bb.<\/p>\n<p>La carta fue firmada por diez pa\u00edses, entre ellos Suiza, que forman parte del Grupo de Trabajo sobre Derechos Humanos.<\/p>\n<p>Al igual que\u00a0Laborales de la Uni\u00f3n Europea de Asociaciones de F\u00fatbol (UEFA).<\/p>\n<p>El grupo afirm\u00f3 que sigue abogando por un resultado concluyente y una actualizaci\u00f3n de dos cuestiones clave pendientes.<\/p>\n<p>Ademas que\u00a0concretamente el fondo de compensaci\u00f3n para los trabajadores migrantes y el concepto de un centro de trabajadores migrantes en Doha.<\/p>\n<h4>\u00abLa FIFA se ha comprometido en repetidas ocasiones a dar respuestas concretas sobre estas cuestiones\u00bb, comunic\u00f3 el grupo.<\/h4>\n<p>Las autoridades qatar\u00edes son criticadas peri\u00f3dicamente por las ONG internacionales por el trato que reciben cientos de miles de trabajadores.<\/p>\n<p>Ademas que\u00a0sobre todo asi\u00e1ticos, en las principales obras de construcci\u00f3n del Mundial de 2022, cuyo inicio est\u00e1 previsto para el 20 de noviembre.<\/p>\n<p>En septiembre, la FIFA emiti\u00f3 un comunicado en el que indicaba que en los \u00faltimos a\u00f1os ya se hab\u00eda adoptado una \u00abamplia gama de medidas\u00bb.<\/p>\n<p>Esto para mejorar la protecci\u00f3n de los trabajadores en Qatar.<\/p>\n<h4>Bienvenida a los fans de LGBTQ+<\/h4>\n<p>En la carta se aborda tambi\u00e9n el tema de la diversidad y la inclusi\u00f3n, concretamente de las comunidades LGBTQ+.<\/p>\n<p>Las organizaciones de derechos han pedido que se garantice la seguridad de los aficionados LGBTQ+ que viajen a Qatar.<\/p>\n<p>Lugar\u00a0donde la homosexualidad es un delito penal, castigado con penas de prisi\u00f3n.<\/p>\n<p>Los capitanes de varios equipos de f\u00fatbol europeos se han comprometido a llevar brazaletes arco iris de One Love en apoyo de los derechos LGBTQ+.<\/p>\n<p>Eso podr\u00eda infringir el reglamento de la FIFA, que establece que la:<\/p>\n<p>\u00abEquipaci\u00f3n obligatoria de un jugador no debe tener ning\u00fan lema, declaraci\u00f3n o imagen pol\u00edtica, religiosa o personal\u00bb.<\/p>\n<p>Qatar ha dado muestras de que acoger\u00e1 a los aficionados LGBTQ+.<\/p>\n<p>Ademas de\u00a0que vio una presentaci\u00f3n en la que se indicaba que la polic\u00eda qatar\u00ed podr\u00eda permitir a los espectadores mostrar banderas.<\/p>\n<p>Mencionan que\u00a0con el arco iris y protestar pac\u00edficamente.<\/p>\n<p>F\u00fatbol europeo<\/p>\n","protected":false},"excerpt":{"rendered":"<p>FIFA F\u00fatbol europeo: La Copa Mundial de la FIFA se celebra en Qatar, a partir del 20 de noviembre. Suiza es uno de los pa\u00edses europeos que exigen al organismo mundial del f\u00fatbol, la FIFA, que ofrezca \u00abrespuestas concretas\u00bb. Ademas que\u00a0sobre cuestiones relacionadas con los trabajadores inmigrantes antes de que comience la Copa del Mundo [&hellip;]<\/p>\n","protected":false},"author":1,"featured_media":10273,"comment_status":"open","ping_status":"closed","sticky":false,"template":"","format":"standard","meta":{"footnotes":""},"categories":[3,4,9],"tags":[],"class_list":["post-10271","post","type-post","status-publish","format-standard","has-post-thumbnail","hentry","category-deportes","category-espectaculos","category-politica"],"_links":{"self":[{"href":"https:\/\/podernacional.com\/index.php?rest_route=\/wp\/v2\/posts\/10271","targetHints":{"allow":["GET"]}}],"collection":[{"href":"https:\/\/podernacional.com\/index.php?rest_route=\/wp\/v2\/posts"}],"about":[{"href":"https:\/\/podernacional.com\/index.php?rest_route=\/wp\/v2\/types\/post"}],"author":[{"embeddable":true,"href":"https:\/\/podernacional.com\/index.php?rest_route=\/wp\/v2\/users\/1"}],"replies":[{"embeddable":true,"href":"https:\/\/podernacional.com\/index.php?rest_route=%2Fwp%2Fv2%2Fcomments&post=10271"}],"version-history":[{"count":1,"href":"https:\/\/podernacional.com\/index.php?rest_route=\/wp\/v2\/posts\/10271\/revisions"}],"predecessor-version":[{"id":10272,"href":"https:\/\/podernacional.com\/index.php?rest_route=\/wp\/v2\/posts\/10271\/revisions\/10272"}],"wp:featuredmedia":[{"embeddable":true,"href":"https:\/\/podernacional.com\/index.php?rest_route=\/wp\/v2\/media\/10273"}],"wp:attachment":[{"href":"https:\/\/podernacional.com\/index.php?rest_route=%2Fwp%2Fv2%2Fmedia&parent=10271"}],"wp:term":[{"taxonomy":"category","embeddable":true,"href":"https:\/\/podernacional.com\/index.php?rest_route=%2Fwp%2Fv2%2Fcategories&post=10271"},{"taxonomy":"post_tag","embeddable":true,"href":"https:\/\/podernacional.com\/index.php?rest_route=%2Fwp%2Fv2%2Ftags&post=10271"}],"curies":[{"name":"wp","href":"https:\/\/api.w.org\/{rel}","templated":true}]}}