{"id":10274,"date":"2022-11-07T18:17:43","date_gmt":"2022-11-07T23:17:43","guid":{"rendered":"https:\/\/podernacional.com\/?p=10274"},"modified":"2022-11-07T23:17:45","modified_gmt":"2022-11-07T23:17:45","slug":"sanse-celebrara-la-semana-de-la-infancia-con-talleres-espectaculos-exposiciones-y-musica","status":"publish","type":"post","link":"https:\/\/podernacional.com\/?p=10274","title":{"rendered":"Sanse celebrar\u00e1 la Semana de la Infancia con talleres, espect\u00e1culos, exposiciones y m\u00fasica."},"content":{"rendered":"<h4>Del 12 al 20 de noviembre, se desarrollar\u00e1n con diversas actividades para los ni\u00f1os de Sanse.<\/h4>\n<p>Sanse: Con el objetivo de conmemorar la Declaraci\u00f3n de los Derechos del Ni\u00f1o<\/p>\n<p>San Sebasti\u00e1n de los Reyes<\/p>\n<p>El Ayuntamiento de San Sebasti\u00e1n de los Reyes vuelve a poner el foco en la infancia.<\/p>\n<p>Ademas de que celebrar\u00e1 la XIV Semana de la Infancia con una extensa programaci\u00f3n, llena de espect\u00e1culos, talleres.<\/p>\n<p>As\u00ed como de\u00a0exposiciones y m\u00fasica, que se ir\u00e1n desarrollando del 12 al 20 de noviembre.<\/p>\n<p>Esto\u00a0tanto en el centro joven Sanse como en el Teatro Adolfo Marsillach y en la biblioteca de la Plaza de la Iglesia.<\/p>\n<p>Con ello se busca conmemorar la Declaraci\u00f3n de los Derechos del Ni\u00f1o.<\/p>\n<p>Tambi\u00e9n habr\u00e1 espacio para practicar deportes de un modo l\u00fadico y divertido, como predeporte, con el club de balonmano, patinaje, tenis de mesa o ajedrez.<\/p>\n<h4>Andr\u00e9s Garc\u00eda Caro, concejal de Juventud del Ayuntamiento de San Sebasti\u00e1n de los Reyes, sobre la Semana de la Juventud<\/h4>\n<p>Durante esa semana, se podr\u00e1 visitar dos exposiciones.<\/p>\n<p>As\u00ed como\u00a0una de ellas estar\u00e1 en las salas infantiles y juveniles de las 3 bibliotecas municipales.<\/p>\n<p>Esto\u00a0bajo el t\u00edtulo &#8216;De Altamira al ciberespacio: la comunicaci\u00f3n nos une&#8217;.<\/p>\n<p>Por otro lado, la otra se ubicar\u00e1 en el Centro Joven Sanse; se trata de una exposici\u00f3n cedida por Unicef.<\/p>\n<p>Con el t\u00edtulo &#8216;Agua, cada gota, un tesoro&#8217;, en la que se podr\u00e1n realizar talleres relacionados con la exposici\u00f3n, del 14 al 18 de noviembre.<\/p>\n<p>En horario\u00a0de 17:30h a 19:30h. Los talleres est\u00e1n dirigidos a menores de 4 a 13 a\u00f1os, con una duraci\u00f3n de 2 horas.<\/p>\n<p>En lo que respecta a la programaci\u00f3n de actividades, tambi\u00e9n incluye espect\u00e1culos, como &#8216;Robotina y el clan planetario&#8217;, el primero de ellos.<\/p>\n<p>Tendr\u00e1 lugar el 12 de noviembre a las 18:00h en el Centro Joven Sanse. Asimismo, el d\u00eda 13, a las 17:00h.<\/p>\n<h4>Ademas del TAM acoger\u00e1 el espect\u00e1culo &#8216;Maestros de la magia&#8217;.<\/h4>\n<p>Adem\u00e1s de &#8216;La Princesa y el abanico&#8217; el d\u00eda 17, a la misma hora, pero en la Biblioteca Municipal.<\/p>\n<p>El lunes 14 de noviembre, por otro lado, la Escuela Municipal de M\u00fasica y Danza ofrecer\u00e1 una serie de espect\u00e1culos.<\/p>\n<p>Tales como &#8216;Ensamble X-gen&#8217;, de 20:00h a 21:00h, o una sesi\u00f3n musical de la Orquesta, que tendr\u00e1 lugar de 19:30h a 20:30h.<\/p>\n<p>Adem\u00e1s, el d\u00eda 18, le llegar\u00e1 el turno al espect\u00e1culo de danza &#8216;Urban dance&#8217;, que ser\u00e1 de 18:00h a 19:00h.<\/p>\n<p>Tambi\u00e9n habr\u00e1 actividades de ocio dirigidas a los m\u00e1s peque\u00f1os, desde los 9 meses hasta los 13 a\u00f1os.<\/p>\n<p>Por ejemplo, del martes 15 al viernes 18 de noviembre, abrir\u00e1 &#8216;La gran pequeteca&#8217; en el Centro Joven Sanse, de 17:00h a 19:00h.<\/p>\n<p>El cual est\u00e1\u00a0destinada a ni\u00f1os y ni\u00f1as de 9 meses a 3 a\u00f1os, con entrada libre hasta completar aforo.<\/p>\n<p>Por su parte, para los ni\u00f1os de 4 a 13 a\u00f1os, del 14 al 18 de noviembre, habr\u00e1 actividades como &#8216;Con mucho Sabor&#8217;, &#8216;Chocolateando&#8217;.<\/p>\n<p>As\u00ed como\u00a0un &#8216;Desv\u00e1n de juegos de mesa&#8217; y un circuito de juegos, actividades para aprender a plantar o un taller de grafiti.<\/p>\n<p>Todas estas propuestas requieren de una inscripci\u00f3n previa.<\/p>\n","protected":false},"excerpt":{"rendered":"<p>Del 12 al 20 de noviembre, se desarrollar\u00e1n con diversas actividades para los ni\u00f1os de Sanse. Sanse: Con el objetivo de conmemorar la Declaraci\u00f3n de los Derechos del Ni\u00f1o San Sebasti\u00e1n de los Reyes El Ayuntamiento de San Sebasti\u00e1n de los Reyes vuelve a poner el foco en la infancia. Ademas de que celebrar\u00e1 la [&hellip;]<\/p>\n","protected":false},"author":1,"featured_media":10276,"comment_status":"open","ping_status":"closed","sticky":false,"template":"","format":"standard","meta":{"footnotes":""},"categories":[4,5],"tags":[],"class_list":["post-10274","post","type-post","status-publish","format-standard","has-post-thumbnail","hentry","category-espectaculos","category-internacional"],"_links":{"self":[{"href":"https:\/\/podernacional.com\/index.php?rest_route=\/wp\/v2\/posts\/10274","targetHints":{"allow":["GET"]}}],"collection":[{"href":"https:\/\/podernacional.com\/index.php?rest_route=\/wp\/v2\/posts"}],"about":[{"href":"https:\/\/podernacional.com\/index.php?rest_route=\/wp\/v2\/types\/post"}],"author":[{"embeddable":true,"href":"https:\/\/podernacional.com\/index.php?rest_route=\/wp\/v2\/users\/1"}],"replies":[{"embeddable":true,"href":"https:\/\/podernacional.com\/index.php?rest_route=%2Fwp%2Fv2%2Fcomments&post=10274"}],"version-history":[{"count":1,"href":"https:\/\/podernacional.com\/index.php?rest_route=\/wp\/v2\/posts\/10274\/revisions"}],"predecessor-version":[{"id":10275,"href":"https:\/\/podernacional.com\/index.php?rest_route=\/wp\/v2\/posts\/10274\/revisions\/10275"}],"wp:featuredmedia":[{"embeddable":true,"href":"https:\/\/podernacional.com\/index.php?rest_route=\/wp\/v2\/media\/10276"}],"wp:attachment":[{"href":"https:\/\/podernacional.com\/index.php?rest_route=%2Fwp%2Fv2%2Fmedia&parent=10274"}],"wp:term":[{"taxonomy":"category","embeddable":true,"href":"https:\/\/podernacional.com\/index.php?rest_route=%2Fwp%2Fv2%2Fcategories&post=10274"},{"taxonomy":"post_tag","embeddable":true,"href":"https:\/\/podernacional.com\/index.php?rest_route=%2Fwp%2Fv2%2Ftags&post=10274"}],"curies":[{"name":"wp","href":"https:\/\/api.w.org\/{rel}","templated":true}]}}