{"id":10277,"date":"2022-11-07T18:22:52","date_gmt":"2022-11-07T23:22:52","guid":{"rendered":"https:\/\/podernacional.com\/?p=10277"},"modified":"2022-11-07T23:22:54","modified_gmt":"2022-11-07T23:22:54","slug":"conacyt-participa-en-la-inauguracion-del-coloquio-internacional-neoliberalismo-problemas-de-contaminacion-y-danos-graves-a-la-salud-y-al-ambiente-en-mexico","status":"publish","type":"post","link":"https:\/\/podernacional.com\/?p=10277","title":{"rendered":"Conacyt participa en la inauguraci\u00f3n del coloquio internacional \u201cNeoliberalismo: problemas de contaminaci\u00f3n y da\u00f1os graves a la salud y al ambiente en M\u00e9xico\u201d"},"content":{"rendered":"<h4>La directora general del Consejo Nacional de Ciencia y Tecnolog\u00eda (Conacyt), Dra. Mar\u00eda Elena \u00c1lvarez-Buylla Roces.<\/h4>\n<p>Conacyt: El cual particip\u00f3 en la ceremonia de inauguraci\u00f3n del coloquio internacional realizado por el Programa Nacional Estrat\u00e9gico de Agentes T\u00f3xicos.<\/p>\n<p>As\u00ed como de\u00a0Procesos Contaminantes (Pronaces ATPC).<\/p>\n<p>Esto en concurrencia con la Facultad de Econom\u00eda de la Universidad Nacional Aut\u00f3noma de M\u00e9xico (UNAM) y el Sindicato de Trabajadores de la UNAM.<\/p>\n<p>El coloquio internacional \u201cNeoliberalismo: problemas de contaminaci\u00f3n y da\u00f1os graves a la salud y al ambiente en M\u00e9xico\u201d.<\/p>\n<p>El cual reuni\u00f3 a m\u00faltiples especialistas para analizar de forma integral la problem\u00e1tica en materia de salud ambiental.<\/p>\n<p>As\u00ed como laboral asociadas a la importaci\u00f3n y generaci\u00f3n de procesos contaminantes y sustancias t\u00f3xicas en diversas regiones de M\u00e9xico.<\/p>\n<h4>As\u00ed como evaluar la urgente necesidad de transformar las instituciones.<\/h4>\n<p>Al igual que de\u00a0regulaciones nacionales en el contexto de las nuevas circunstancias que se viven en el pa\u00eds y el mundo.<\/p>\n<p>Durante su mensaje, la titular del Conacyt, celebr\u00f3 la organizaci\u00f3n del coloquio internacional.<\/p>\n<p>Esto\u00a0pues \u201cabre las puertas a que expertas y expertos dialoguen, desde el seno de una universidad p\u00fablica como la UNAM\u201d.<\/p>\n<p>\u201cAs\u00ed como\u00a0bajo una cosmovisi\u00f3n human\u00edstica, sobre la ortodoxia econ\u00f3mica y pol\u00edtica impuesta por un pensamiento neoliberal\u201d.<\/p>\n<p>\u201cEl cual\u00a0afect\u00f3 durante a\u00f1os a la ciencia, a la investigaci\u00f3n, al ambiente, a la salud y a los derechos del pueblo mexicano\u201d.<\/p>\n<p>Asegur\u00f3 que desde el renovado Conacyt se suman esfuerzos con el gobierno de M\u00e9xico.<\/p>\n<p>Esto\u00a0con instituciones acad\u00e9micas y con organizaciones de base social para, juntos y de manera coordinada e integral.<\/p>\n<p>Al igual de que se analicen y vinculen una serie de propuestas que permitan reajustar eficaz y pertinentemente las capacidades human\u00edsticas.<\/p>\n<h4>As\u00ed como\u00a0cient\u00edficas, tecnol\u00f3gicas e innovadoras, para as\u00ed atender las grandes problem\u00e1ticas nacionales.<\/h4>\n<p>Como lo es la desregulaci\u00f3n jur\u00eddica ambiental y laboral asociadas a la importaci\u00f3n, generaci\u00f3n y transferencia de procesos contaminantes.<\/p>\n<p>As\u00ed\u00a0como de sustancias t\u00f3xicas a m\u00faltiples regiones de M\u00e9xico que actualmente se encuentran bajo una alerta ambiental y de salud.<\/p>\n<p>En este evento tambi\u00e9n participaron el titular de la Comisi\u00f3n para la Protecci\u00f3n contra Riesgos Sanitarios (Cofepris).<\/p>\n<p>Dr. Alejandro Svarch P\u00e9rez; el relator especial sobre Sustancias T\u00f3xicas y Derechos Humanos de las Naciones Unidas.<\/p>\n<p>Dr. Marcos Orellana; el secretario general del Tribunal Permanente de los Pueblos, Dr. Gianni Tognoni; el excoordinador del proyecto SENTIERI.<\/p>\n<p>Dr. Pietro Comba; el secretario general del Sindicato de Trabajadores de la UNAM, Carlos Hugo Morales.<\/p>\n<p>Al igual que el coordinador del Comit\u00e9 Ejecutivo del Pronaces ATPC, Dr. Andr\u00e9s Barreda Mar\u00edn.<\/p>\n<p>As\u00ed como la comunidad acad\u00e9mica, cient\u00edfica, estudiantil y organizaciones de base social.<\/p>\n<p>La participaci\u00f3n de la directora general del Conacyt, Dra. Mar\u00eda Elena \u00c1lvarez-Buylla Roces puede ser consultado en el siguiente enlace: https:\/\/bit.ly\/3UeAQgY<\/p>\n","protected":false},"excerpt":{"rendered":"<p>La directora general del Consejo Nacional de Ciencia y Tecnolog\u00eda (Conacyt), Dra. Mar\u00eda Elena \u00c1lvarez-Buylla Roces. Conacyt: El cual particip\u00f3 en la ceremonia de inauguraci\u00f3n del coloquio internacional realizado por el Programa Nacional Estrat\u00e9gico de Agentes T\u00f3xicos. As\u00ed como de\u00a0Procesos Contaminantes (Pronaces ATPC). Esto en concurrencia con la Facultad de Econom\u00eda de la Universidad Nacional [&hellip;]<\/p>\n","protected":false},"author":1,"featured_media":10279,"comment_status":"open","ping_status":"closed","sticky":false,"template":"","format":"standard","meta":{"footnotes":""},"categories":[5,9],"tags":[],"class_list":["post-10277","post","type-post","status-publish","format-standard","has-post-thumbnail","hentry","category-internacional","category-politica"],"_links":{"self":[{"href":"https:\/\/podernacional.com\/index.php?rest_route=\/wp\/v2\/posts\/10277","targetHints":{"allow":["GET"]}}],"collection":[{"href":"https:\/\/podernacional.com\/index.php?rest_route=\/wp\/v2\/posts"}],"about":[{"href":"https:\/\/podernacional.com\/index.php?rest_route=\/wp\/v2\/types\/post"}],"author":[{"embeddable":true,"href":"https:\/\/podernacional.com\/index.php?rest_route=\/wp\/v2\/users\/1"}],"replies":[{"embeddable":true,"href":"https:\/\/podernacional.com\/index.php?rest_route=%2Fwp%2Fv2%2Fcomments&post=10277"}],"version-history":[{"count":1,"href":"https:\/\/podernacional.com\/index.php?rest_route=\/wp\/v2\/posts\/10277\/revisions"}],"predecessor-version":[{"id":10278,"href":"https:\/\/podernacional.com\/index.php?rest_route=\/wp\/v2\/posts\/10277\/revisions\/10278"}],"wp:featuredmedia":[{"embeddable":true,"href":"https:\/\/podernacional.com\/index.php?rest_route=\/wp\/v2\/media\/10279"}],"wp:attachment":[{"href":"https:\/\/podernacional.com\/index.php?rest_route=%2Fwp%2Fv2%2Fmedia&parent=10277"}],"wp:term":[{"taxonomy":"category","embeddable":true,"href":"https:\/\/podernacional.com\/index.php?rest_route=%2Fwp%2Fv2%2Fcategories&post=10277"},{"taxonomy":"post_tag","embeddable":true,"href":"https:\/\/podernacional.com\/index.php?rest_route=%2Fwp%2Fv2%2Ftags&post=10277"}],"curies":[{"name":"wp","href":"https:\/\/api.w.org\/{rel}","templated":true}]}}