{"id":10283,"date":"2022-11-07T18:31:00","date_gmt":"2022-11-07T23:31:00","guid":{"rendered":"https:\/\/podernacional.com\/?p=10283"},"modified":"2022-11-07T23:31:02","modified_gmt":"2022-11-07T23:31:02","slug":"bulevar-colosio-cancun-asi-se-encuentran-las-obras-en-el-quinto-tramo","status":"publish","type":"post","link":"https:\/\/podernacional.com\/?p=10283","title":{"rendered":"Bulevar Colosio Canc\u00fan: As\u00ed se encuentran las obras en el quinto tramo"},"content":{"rendered":"<h4>Actualmente ya suman m\u00e1s de 6.4 kil\u00f3metros de losa colocada sobre el bulevar Colosio.<\/h4>\n<p>Bulevar Colosio Canc\u00fan: Esta semana contin\u00faan las labores de vertido de concreto hidr\u00e1ulico en el quinto tramo del bulevar Luis Donaldo Colosio de Canc\u00fan.<\/p>\n<p>El cual menciona\u00a0que abarca mil 500 metros, desde Plaza La Roca hasta la altura del colegio St. Johns.<\/p>\n<p>Avance de obra en bulevar Colosio<\/p>\n<p>De acuerdo con la Direcci\u00f3n General del centro de la Secretar\u00eda de Infraestructura Comunicaciones y Transportes.<\/p>\n<p>Esto\u00a0hasta este lunes 7 de noviembre el avance de la obra para rehabilitar esta importante arteria vial ya es de 17.8 por ciento.<\/p>\n<p>Adem\u00e1s, ya son m\u00e1s de 6.4 kil\u00f3metros de losa colocada sobre el mencionado bulevar.<\/p>\n<p>Tambi\u00e9n es importante tomar en consideraci\u00f3n que desde las cero y hasta las 14 horas se mantienen habilitados dos carriles de norte a sur.<\/p>\n<p>As\u00ed como\u00a0solo uno del sentido contrario.<\/p>\n<h4>Esto \u00fanicamente en el tramo donde se encuentran los trabajos.<\/h4>\n<p>De igual manera, recuerden que en la glorieta del distribuidor vial se llevan a cabo los trabajos para la construcci\u00f3n del puente Nichupt\u00e9.<\/p>\n<p>Ademas que\u00a0cuyo avance, aseguran las autoridades, es de 6.17 por ciento.<\/p>\n<p>Al igual que mencionan que donde durante el d\u00eda realizan el cierre parcial de la rotonda para cruzar herramientas,\u00a0material al centro de la glorieta<\/p>\n<p>Ahora que ya conoce esta informaci\u00f3n, anticipe sus tiempos de salida, modere la velocidad y respete los se\u00f1alamientos para prevenir accidentes.<\/p>\n<p>Bulevar Colosio Canc\u00fan: As\u00ed se encuentran las obras en el quinto tramo<\/p>\n","protected":false},"excerpt":{"rendered":"<p>Actualmente ya suman m\u00e1s de 6.4 kil\u00f3metros de losa colocada sobre el bulevar Colosio. Bulevar Colosio Canc\u00fan: Esta semana contin\u00faan las labores de vertido de concreto hidr\u00e1ulico en el quinto tramo del bulevar Luis Donaldo Colosio de Canc\u00fan. El cual menciona\u00a0que abarca mil 500 metros, desde Plaza La Roca hasta la altura del colegio St. [&hellip;]<\/p>\n","protected":false},"author":1,"featured_media":10285,"comment_status":"open","ping_status":"closed","sticky":false,"template":"","format":"standard","meta":{"footnotes":""},"categories":[6,10],"tags":[],"class_list":["post-10283","post","type-post","status-publish","format-standard","has-post-thumbnail","hentry","category-local","category-quintana-roo"],"_links":{"self":[{"href":"https:\/\/podernacional.com\/index.php?rest_route=\/wp\/v2\/posts\/10283","targetHints":{"allow":["GET"]}}],"collection":[{"href":"https:\/\/podernacional.com\/index.php?rest_route=\/wp\/v2\/posts"}],"about":[{"href":"https:\/\/podernacional.com\/index.php?rest_route=\/wp\/v2\/types\/post"}],"author":[{"embeddable":true,"href":"https:\/\/podernacional.com\/index.php?rest_route=\/wp\/v2\/users\/1"}],"replies":[{"embeddable":true,"href":"https:\/\/podernacional.com\/index.php?rest_route=%2Fwp%2Fv2%2Fcomments&post=10283"}],"version-history":[{"count":1,"href":"https:\/\/podernacional.com\/index.php?rest_route=\/wp\/v2\/posts\/10283\/revisions"}],"predecessor-version":[{"id":10284,"href":"https:\/\/podernacional.com\/index.php?rest_route=\/wp\/v2\/posts\/10283\/revisions\/10284"}],"wp:featuredmedia":[{"embeddable":true,"href":"https:\/\/podernacional.com\/index.php?rest_route=\/wp\/v2\/media\/10285"}],"wp:attachment":[{"href":"https:\/\/podernacional.com\/index.php?rest_route=%2Fwp%2Fv2%2Fmedia&parent=10283"}],"wp:term":[{"taxonomy":"category","embeddable":true,"href":"https:\/\/podernacional.com\/index.php?rest_route=%2Fwp%2Fv2%2Fcategories&post=10283"},{"taxonomy":"post_tag","embeddable":true,"href":"https:\/\/podernacional.com\/index.php?rest_route=%2Fwp%2Fv2%2Ftags&post=10283"}],"curies":[{"name":"wp","href":"https:\/\/api.w.org\/{rel}","templated":true}]}}