{"id":10286,"date":"2022-11-07T18:43:06","date_gmt":"2022-11-07T23:43:06","guid":{"rendered":"https:\/\/podernacional.com\/?p=10286"},"modified":"2022-11-07T23:43:08","modified_gmt":"2022-11-07T23:43:08","slug":"mas-de-7000-atletas-se-dan-cita-en-el-cross-internacional-de-atapuerca","status":"publish","type":"post","link":"https:\/\/podernacional.com\/?p=10286","title":{"rendered":"M\u00e1s de 7000 atletas se dan cita en el Cross Internacional de Atapuerca"},"content":{"rendered":"<h4>La prueba llega este a\u00f1o con una doble cita que dar\u00e1 relevancia al que es considerado como el mejor cross del mundo.<\/h4>\n<p>Cross Internacional de Atapuerca: El Circuito del Centro de Arqueolog\u00eda Experimental (CAREX) que este pr\u00f3ximo fin de semana volver\u00e1 a acoger al Cross Internacional de Atapuerca.<\/p>\n<p>Ademas de\u00a0que regresa fiel a su cita en su XVIII edici\u00f3n en la que la principal novedad.<\/p>\n<p>Ya\u00a0que durante la jornada de s\u00e1bado tendr\u00e1 lugar el Campeonato de Espa\u00f1a de Clubes de Campo.<\/p>\n<p>Esto\u00a0a trav\u00e9s por lo que se dar\u00e1n cita m\u00e1s de 7.000 atletas.<\/p>\n<p>Considerado por los estamentos del atletismo internacional como el mejor cross del mundo debido a su organizaci\u00f3n.<\/p>\n<p>As\u00ed como\u00a0el elenco de atletas que re\u00fane a\u00f1o tras a\u00f1o, la prueba burgalesa se presentaba oficialmente por parte de la Diputaci\u00f3n Provincial de Burgos.<\/p>\n<p>Ademas que la organizadora a trav\u00e9s del Instituto para el Deporte y la Juventud (IDJ).<\/p>\n<h4>Su presidente, C\u00e9sar Rico, acompa\u00f1ado por Ra\u00fal Chapado, presidente de la Real Federaci\u00f3n Espa\u00f1ola de Atletismo.<\/h4>\n<p>As\u00ed como de\u00a0cuatro atletas burgaleses de \u00e9lite como:<\/p>\n<p>Dani Arce, Jes\u00fas G\u00f3mez, Lidia Campo y Cristina Ruiz, eran los encargados de levantar el tel\u00f3n a una XVIII Cross de Atapuerca.<\/p>\n<p>El cual\u00a0se espera con una gran expectaci\u00f3n por parte de todos los aficionados al atletismo.<\/p>\n<p>Se dar\u00e1n cita en Burgos muchos de los mejores especialistas mundiales del campo a trav\u00e9s.<\/p>\n<p>As\u00ed como a la espera del cierre de inscripciones habr\u00e1 m\u00e1s de 7.000 participantes en las 23 categor\u00edas se dar\u00e1n cita representantes de distintas nacionalidades.<\/p>\n<p>C\u00e9sar Rico agradec\u00eda al IDJ su gran trabajo para hacer posible un a\u00f1o m\u00e1s esta fiesta del cross mundial.<\/p>\n<p>Al igual que\u00a0a todos los patrocinadores y los voluntarios.<\/p>\n<p>Para la Federaci\u00f3n Espa\u00f1ola, poder celebrar el Campeonato de Espa\u00f1a de Clubes durante el Cross de Atapuerca ya que se quiere:<\/p>\n<h4>\u00abPotenciar el campo a trav\u00e9s en el medio rural\u00bb.<\/h4>\n<p>Porque Espa\u00f1a es \u00abl\u00edder en esta disciplina\u00bb y cuenta algunos de los mejores recorridos del mundo.<\/p>\n<p>\u00abSer\u00e1 un festival del atletismo\u00bb en dos jornadas en la que se espera la participaci\u00f3n de 500 equipos de 300 clubes diferentes.<\/p>\n<p>Los cuatro atletas burgaleses presentes en el acto de puesta de largo del Cross de Atapuerca se mostraban muy ilusionados.<\/p>\n<p>Esto\u00a0por poder volver a correr en casa, a la par que deseosos de hacer una gran carrera.<\/p>\n<p>As\u00ed como el\u00a0poder colaborar as\u00ed al espect\u00e1culo atl\u00e9tico que se da por asegurado.<\/p>\n","protected":false},"excerpt":{"rendered":"<p>La prueba llega este a\u00f1o con una doble cita que dar\u00e1 relevancia al que es considerado como el mejor cross del mundo. Cross Internacional de Atapuerca: El Circuito del Centro de Arqueolog\u00eda Experimental (CAREX) que este pr\u00f3ximo fin de semana volver\u00e1 a acoger al Cross Internacional de Atapuerca. Ademas de\u00a0que regresa fiel a su cita [&hellip;]<\/p>\n","protected":false},"author":1,"featured_media":10288,"comment_status":"open","ping_status":"closed","sticky":false,"template":"","format":"standard","meta":{"footnotes":""},"categories":[3,5],"tags":[],"class_list":["post-10286","post","type-post","status-publish","format-standard","has-post-thumbnail","hentry","category-deportes","category-internacional"],"_links":{"self":[{"href":"https:\/\/podernacional.com\/index.php?rest_route=\/wp\/v2\/posts\/10286","targetHints":{"allow":["GET"]}}],"collection":[{"href":"https:\/\/podernacional.com\/index.php?rest_route=\/wp\/v2\/posts"}],"about":[{"href":"https:\/\/podernacional.com\/index.php?rest_route=\/wp\/v2\/types\/post"}],"author":[{"embeddable":true,"href":"https:\/\/podernacional.com\/index.php?rest_route=\/wp\/v2\/users\/1"}],"replies":[{"embeddable":true,"href":"https:\/\/podernacional.com\/index.php?rest_route=%2Fwp%2Fv2%2Fcomments&post=10286"}],"version-history":[{"count":1,"href":"https:\/\/podernacional.com\/index.php?rest_route=\/wp\/v2\/posts\/10286\/revisions"}],"predecessor-version":[{"id":10287,"href":"https:\/\/podernacional.com\/index.php?rest_route=\/wp\/v2\/posts\/10286\/revisions\/10287"}],"wp:featuredmedia":[{"embeddable":true,"href":"https:\/\/podernacional.com\/index.php?rest_route=\/wp\/v2\/media\/10288"}],"wp:attachment":[{"href":"https:\/\/podernacional.com\/index.php?rest_route=%2Fwp%2Fv2%2Fmedia&parent=10286"}],"wp:term":[{"taxonomy":"category","embeddable":true,"href":"https:\/\/podernacional.com\/index.php?rest_route=%2Fwp%2Fv2%2Fcategories&post=10286"},{"taxonomy":"post_tag","embeddable":true,"href":"https:\/\/podernacional.com\/index.php?rest_route=%2Fwp%2Fv2%2Ftags&post=10286"}],"curies":[{"name":"wp","href":"https:\/\/api.w.org\/{rel}","templated":true}]}}