{"id":10295,"date":"2022-11-07T18:58:47","date_gmt":"2022-11-07T23:58:47","guid":{"rendered":"https:\/\/podernacional.com\/?p=10295"},"modified":"2022-11-07T23:58:49","modified_gmt":"2022-11-07T23:58:49","slug":"qroo-refuerza-patrullajes-ciberneticos-para-combatir-la-trata-de-personas","status":"publish","type":"post","link":"https:\/\/podernacional.com\/?p=10295","title":{"rendered":"QRoo refuerza patrullajes cibern\u00e9ticos para combatir la trata de personas"},"content":{"rendered":"<h4>Autoridades informan que hay un incremento de casos a trav\u00e9s de redes sociales<\/h4>\n<p>Patrullajes cibern\u00e9ticos: La trata de personas sigue siendo un problema en Quintana Roo, mismo que se atiende desde distintos rubros.<\/p>\n<p>Esto\u00a0especialmente con apoyo de la Polic\u00eda Cibern\u00e9tica por el incremento de casos a trav\u00e9s de redes sociales.<\/p>\n<p>\u00abEs un delito muy complejo, que no tenemos un indicador estimado de promedios al mes\u201d.<\/p>\n<p>\u201cTan s\u00f3lo tenemos tres casos de trata del mes de octubre, el mes anterior fueron ocho a nivel estatal\u201d.<\/p>\n<p>\u201cPor lo que no podemos medirlo en n\u00fameros promedio, var\u00edan dependiendo el tipo de investigaci\u00f3n que se va a realizar\u201d.<\/p>\n<p>Esto expuso Alfonso D\u00edaz Pauli, titular de la Fiscal\u00eda Especializada en Trata de personas.<\/p>\n<p>Sin embargo, los casos de trata tambi\u00e9n se diversifican, por lo que hay una unidad enfocada en la trata de ni\u00f1as, ni\u00f1os y adolescentes.<\/p>\n<p>Ademas que\u00a0distinta a la que est\u00e1 a cargo de Alfonso D\u00edaz y en la que se han rescatado ya 35 v\u00edctimas.<\/p>\n<h4>El trabajo desde esta fiscal\u00eda se ha concentrado en una investigaci\u00f3n m\u00e1s profesional, metodol\u00f3gica, con apoyo de la Polic\u00eda Cibern\u00e9tica.<\/h4>\n<p>Ademas de porque hay delitos conexos como la violencia digital, as\u00ed como delitos contra migrantes.<\/p>\n<p>\u201cEste delito es de realizaci\u00f3n oculta, de tal manera que requerimos que las v\u00edctimas tengan atenci\u00f3n personalizada y profesional\u201d.<\/p>\n<p>\u201cAdemas de que nos ha instruido el fiscal dar atenci\u00f3n especializada a este tipo de v\u00edctimas, en colaboraci\u00f3n con la unidad de menores\u201d.<\/p>\n<p>\u201cEsto\u00a0cuando se trata de v\u00edctimas menores, en conjunto tambi\u00e9n con las mujeres y la unidad de contexto\u201d, comparti\u00f3 D\u00edaz Pauli.<\/p>\n<p>El fiscal general, \u00d3scar Montes de Oca Rosales, recapitul\u00f3 que como parte de las acciones contra el delito de trata.<\/p>\n<p>Por ende\u00a0se tiene ya un inmueble en extinci\u00f3n de dominio, con una demanda ya establecida, as\u00ed como un promedio de 14 detenidos.<\/p>\n<p>Los resultados de detenciones y rescates en este rubro, defini\u00f3 el fiscal, se han dado gracias a la implementaci\u00f3n del agente encubierto.<\/p>\n<p>Con esto\u00a0logrando iniciar m\u00e1s carpetas por el delito de trata, porque casi no hay denuncias, pero el crimen existe, a\u00f1adi\u00f3.<\/p>\n<h4>Han sido precisamente los agentes encubiertos los que han logrado identificar estructuras criminales, que son muy dif\u00edciles de penetrar.<\/h4>\n<p>As\u00ed como cuando la v\u00edctima dio su consentimiento es a\u00fan m\u00e1s dif\u00edcil obtener una sentencia.<\/p>\n<p>Pero ahora con los estudios que hace la unidad de an\u00e1lisis y contexto.<\/p>\n<p>Ademas que\u00a0se puede acreditar el estado vulnerable en el que estaba la v\u00edctima antes, durante y despu\u00e9s del delito de trata, declar\u00f3.<\/p>\n<p>\u201cHemos estado logrando ya sentencias condenatorias, llevamos una bajo la figura de encubierto. Tenemos el inmueble, que es un motel\u201d.<\/p>\n<p>\u201cAl igual que\u00a0en extinci\u00f3n de dominio; tenemos otros dos inmuebles, una casa de citas y as\u00ed seguiremos avanzando\u201d, advirti\u00f3.<\/p>\n<p>Incluso la unidad de atenci\u00f3n servir\u00e1 como modelo en todo el pa\u00eds, en busca de seguir desarticulando organizaciones delictivas.<\/p>\n<p>As\u00ed como de\u00a0sumar a m\u00e1s personas a las 14 ya procesadas.<\/p>\n<p>Patrullajes cibern\u00e9ticos<\/p>\n","protected":false},"excerpt":{"rendered":"<p>Autoridades informan que hay un incremento de casos a trav\u00e9s de redes sociales Patrullajes cibern\u00e9ticos: La trata de personas sigue siendo un problema en Quintana Roo, mismo que se atiende desde distintos rubros. Esto\u00a0especialmente con apoyo de la Polic\u00eda Cibern\u00e9tica por el incremento de casos a trav\u00e9s de redes sociales. \u00abEs un delito muy complejo, [&hellip;]<\/p>\n","protected":false},"author":1,"featured_media":10297,"comment_status":"open","ping_status":"closed","sticky":false,"template":"","format":"standard","meta":{"footnotes":""},"categories":[6,8,9,10,13],"tags":[],"class_list":["post-10295","post","type-post","status-publish","format-standard","has-post-thumbnail","hentry","category-local","category-policia","category-politica","category-quintana-roo","category-tecnologia"],"_links":{"self":[{"href":"https:\/\/podernacional.com\/index.php?rest_route=\/wp\/v2\/posts\/10295","targetHints":{"allow":["GET"]}}],"collection":[{"href":"https:\/\/podernacional.com\/index.php?rest_route=\/wp\/v2\/posts"}],"about":[{"href":"https:\/\/podernacional.com\/index.php?rest_route=\/wp\/v2\/types\/post"}],"author":[{"embeddable":true,"href":"https:\/\/podernacional.com\/index.php?rest_route=\/wp\/v2\/users\/1"}],"replies":[{"embeddable":true,"href":"https:\/\/podernacional.com\/index.php?rest_route=%2Fwp%2Fv2%2Fcomments&post=10295"}],"version-history":[{"count":1,"href":"https:\/\/podernacional.com\/index.php?rest_route=\/wp\/v2\/posts\/10295\/revisions"}],"predecessor-version":[{"id":10296,"href":"https:\/\/podernacional.com\/index.php?rest_route=\/wp\/v2\/posts\/10295\/revisions\/10296"}],"wp:featuredmedia":[{"embeddable":true,"href":"https:\/\/podernacional.com\/index.php?rest_route=\/wp\/v2\/media\/10297"}],"wp:attachment":[{"href":"https:\/\/podernacional.com\/index.php?rest_route=%2Fwp%2Fv2%2Fmedia&parent=10295"}],"wp:term":[{"taxonomy":"category","embeddable":true,"href":"https:\/\/podernacional.com\/index.php?rest_route=%2Fwp%2Fv2%2Fcategories&post=10295"},{"taxonomy":"post_tag","embeddable":true,"href":"https:\/\/podernacional.com\/index.php?rest_route=%2Fwp%2Fv2%2Ftags&post=10295"}],"curies":[{"name":"wp","href":"https:\/\/api.w.org\/{rel}","templated":true}]}}