{"id":10304,"date":"2022-11-08T16:48:53","date_gmt":"2022-11-08T21:48:53","guid":{"rendered":"https:\/\/podernacional.com\/?p=10304"},"modified":"2022-11-08T21:48:55","modified_gmt":"2022-11-08T21:48:55","slug":"la-red-andaluza-de-teatros-publicos-lleva-a-lucena-montoro-y-bujalance-cordoba-espectaculos-de-titeres-y-danza","status":"publish","type":"post","link":"https:\/\/podernacional.com\/?p=10304","title":{"rendered":"La Red Andaluza de Teatros P\u00fablicos lleva a Lucena, Montoro y Bujalance (C\u00f3rdoba) espect\u00e1culos de t\u00edteres y danza"},"content":{"rendered":"<h4>La Red Andaluza de Teatros P\u00fablicos llevar\u00e1 espect\u00e1culos de teatro y danza a los municipios cordobeses de Lucena, Montoro y Bujalance.<\/h4>\n<p>La Red Andaluza: Este programa pertenece a la Consejer\u00eda de Turismo, Cultura y Deporte y est\u00e1 gestionado a trav\u00e9s de la Agencia Andaluza de Instituciones Culturales.<\/p>\n<p>Tal y como ha indicado la Junta de Andaluc\u00eda en una nota, los d\u00edas 10 y 11, en Lucena y Montoro, respectivamente.<\/p>\n<p>Ademas de que se podr\u00e1 disfrutar de &#8216;Las Cotton&#8217; un espect\u00e1culo de la formaci\u00f3n Anita Maravillas, dentro del programa Abecedaria.<\/p>\n<p>Con el fin de dejar atr\u00e1s los peligros de su pueblo natal, la familia Cotton se dirige a la ciudad en busca de nuevas vidas y oportunidades.<\/p>\n<p>Entre los tejados y las luces de la ciudad, entre las telas, los hilos y las m\u00e1quinas de la f\u00e1brica.<\/p>\n<p>Ademas de\u00a0la madre y sus dos hijas vivir\u00e1n nuevas aventuras y peligros desconocidos.<\/p>\n<h4>Pero esta vez no est\u00e1n solas y se lanzar\u00e1n con fuerza al deseo de ser felices.<\/h4>\n<p>Esta compa\u00f1\u00eda se dedica al teatro de t\u00edteres por completo, con una larga formaci\u00f3n e investigaci\u00f3n desde sus inicios en Barcelona.<\/p>\n<p>As\u00ed como\u00a0espect\u00e1culos producidos en el Pa\u00eds Vasco. La compa\u00f1\u00eda fue fundada por Miren Larrea (Pa\u00eds Vasco) y Valentina Raposo (Chile)<\/p>\n<p>Ambas se formaron en diferentes t\u00e9cnicas del teatro de t\u00edteres de la mano de titiriteros como Pepe Otal, Jordi Bertran o Cia. Herta Frankel.<\/p>\n<p>Ademas\u00a0quienes llegaron a perfeccionar la t\u00e9cnica de la marioneta de hilo.<\/p>\n<p>En los procesos creativos de la compa\u00f1\u00eda es esencial el taller de construcci\u00f3n de t\u00edteres, all\u00ed nacen los personajes.<\/p>\n<p>Al igual que\u00a0se cuida hasta el m\u00e1s m\u00ednimo detalle.<\/p>\n<p>Adem\u00e1s, el d\u00eda 12, en Bujalance estar\u00e1 &#8216;La ceremonia de la despedida&#8217; de SilencioDanza.<\/p>\n<h4>La ceremonia de la despedida es una mirada al coraz\u00f3n por la que se escapa la vida contenida en el arte.<\/h4>\n<p>Una pareja, sentada frente a frente, sin cruzar palabra.<\/p>\n<p>Testigos involuntarios. Ya lo dec\u00eda el poeta: de la mesa, como del amor, hay que saber retirarse a tiempo, para no ver las sobras.<\/p>\n<p>Las huellas de toda una vida que llevan al lugar desde donde se produce el salto.<\/p>\n<p>La necesidad de estructurar un discurso propio a partir de la danza, levanta los cimientos de SilencioDanza en 2010.<\/p>\n<p>Trabajar desde el miedo, el desequilibrio o la inseguridad, nos acerca a los sentimientos m\u00e1s b\u00e1sicos del ser humano.<\/p>\n<p>Al igual que\u00a0all\u00ed donde la compa\u00f1\u00eda encuentra los espacios de su lenguaje.<\/p>\n<p>SilencioDanza nace con la intenci\u00f3n de buscar lo perdido, de encontrar respuestas,\u00a0esperanza para ahondar en la fina l\u00ednea que separa la danza del teatro.<\/p>\n<p>La idea de una danEsto\u00a0sin la pretensi\u00f3n de marcar fronteras sino de ir m\u00e1s all\u00e1 de ellas: saltar la barrera de lo establecido y bailar.<\/p>\n<p>za de vanguardia basada en el silencio, la t\u00e9cnica y la interpretaci\u00f3n son el eje principal de esta compa\u00f1\u00eda.<\/p>\n<p>La cual\u00a0intenta buscar nuevos horizontes en cada propuesta.<\/p>\n","protected":false},"excerpt":{"rendered":"<p>La Red Andaluza de Teatros P\u00fablicos llevar\u00e1 espect\u00e1culos de teatro y danza a los municipios cordobeses de Lucena, Montoro y Bujalance. La Red Andaluza: Este programa pertenece a la Consejer\u00eda de Turismo, Cultura y Deporte y est\u00e1 gestionado a trav\u00e9s de la Agencia Andaluza de Instituciones Culturales. Tal y como ha indicado la Junta de [&hellip;]<\/p>\n","protected":false},"author":1,"featured_media":10306,"comment_status":"open","ping_status":"closed","sticky":false,"template":"","format":"standard","meta":{"footnotes":""},"categories":[4,5],"tags":[],"class_list":["post-10304","post","type-post","status-publish","format-standard","has-post-thumbnail","hentry","category-espectaculos","category-internacional"],"_links":{"self":[{"href":"https:\/\/podernacional.com\/index.php?rest_route=\/wp\/v2\/posts\/10304","targetHints":{"allow":["GET"]}}],"collection":[{"href":"https:\/\/podernacional.com\/index.php?rest_route=\/wp\/v2\/posts"}],"about":[{"href":"https:\/\/podernacional.com\/index.php?rest_route=\/wp\/v2\/types\/post"}],"author":[{"embeddable":true,"href":"https:\/\/podernacional.com\/index.php?rest_route=\/wp\/v2\/users\/1"}],"replies":[{"embeddable":true,"href":"https:\/\/podernacional.com\/index.php?rest_route=%2Fwp%2Fv2%2Fcomments&post=10304"}],"version-history":[{"count":1,"href":"https:\/\/podernacional.com\/index.php?rest_route=\/wp\/v2\/posts\/10304\/revisions"}],"predecessor-version":[{"id":10305,"href":"https:\/\/podernacional.com\/index.php?rest_route=\/wp\/v2\/posts\/10304\/revisions\/10305"}],"wp:featuredmedia":[{"embeddable":true,"href":"https:\/\/podernacional.com\/index.php?rest_route=\/wp\/v2\/media\/10306"}],"wp:attachment":[{"href":"https:\/\/podernacional.com\/index.php?rest_route=%2Fwp%2Fv2%2Fmedia&parent=10304"}],"wp:term":[{"taxonomy":"category","embeddable":true,"href":"https:\/\/podernacional.com\/index.php?rest_route=%2Fwp%2Fv2%2Fcategories&post=10304"},{"taxonomy":"post_tag","embeddable":true,"href":"https:\/\/podernacional.com\/index.php?rest_route=%2Fwp%2Fv2%2Ftags&post=10304"}],"curies":[{"name":"wp","href":"https:\/\/api.w.org\/{rel}","templated":true}]}}