{"id":10316,"date":"2022-11-08T17:23:33","date_gmt":"2022-11-08T22:23:33","guid":{"rendered":"https:\/\/podernacional.com\/?p=10316"},"modified":"2022-11-08T22:23:35","modified_gmt":"2022-11-08T22:23:35","slug":"cancun-piden-corregir-omisiones-en-reforma-sobre-aborto","status":"publish","type":"post","link":"https:\/\/podernacional.com\/?p=10316","title":{"rendered":"Canc\u00fan: Piden corregir omisiones en reforma sobre aborto"},"content":{"rendered":"<h4>Quedan desprotegidas las v\u00edctimas al eliminar la causal de violaci\u00f3n sexual.<\/h4>\n<p>Omisiones en reforma de Canc\u00fan: Piden corregir omisiones en reforma sobre aborto.<\/p>\n<p>Organizaciones feministas pidieron a los integrantes del Congreso de Quintana Roo corregir algunas omisiones en la reforma del C\u00f3digo Pena.<\/p>\n<p>Las cuales\u00a0que consideran viola criterios de la Suprema Corte de Justicia de la Naci\u00f3n (SCJN).<\/p>\n<p>Con esto\u00a0al eliminar la causal de violaci\u00f3n sexual, dejando desprotegidas a las v\u00edctimas.<\/p>\n<p>Erika Cornelio Ramos, integrante de la Red Feminista Quintanarroense, consider\u00f3 como graves dichas omisiones en la reforma aprobada en el Congreso del Estado.<\/p>\n<p>\u201cAhora, con la eliminaci\u00f3n de la fracci\u00f3n II, si una mujer es violada y se practica el aborto una semana despu\u00e9s del tiempo establecido (de 12 semanas)\u201d.<\/p>\n<p>\u201cAdemas que puede ser criminalizada e ir a la c\u00e1rcel. Es un error de la reforma que se aprob\u00f3 y es un retroceso\u00bb.<\/p>\n<p>En tanto, Ariadne Song Anguas, integrante del colectivo Xtabay y de la Red de V\u00edctimas Quintanarroenses.<\/p>\n<p>Ademas que\u00a0record\u00f3 que es inconstitucional aplicar una temporalidad de 12 semanas para la interrupci\u00f3n del embarazo.<\/p>\n<h4>Esto en v\u00edctimas de violaci\u00f3n, lo cual s\u00ed ocurre en la entidad.<\/h4>\n<p>\u201cLa Suprema Corte de la Justicia de la Naci\u00f3n hoy se pronunci\u00f3 diciendo que es inconstitucional poner una temporalidad\u201d.<\/p>\n<p>\u201cEsto porque las v\u00edctimas denuncian cuando pueden, cuando quieren, cuando as\u00ed lo solicitan\u201d.<\/p>\n<p>As\u00ed como\u00a0cuando pasan de recibir atenci\u00f3n m\u00e9dica o psicol\u00f3gica para comprender que han sido v\u00edctimas de un delito.<\/p>\n<p>Ademas\u00a0que la limitante de 12 semanas para tener la interrupci\u00f3n legal del embarazo no deber\u00eda haber.<\/p>\n<p>\u201cAl igual que los estados que lo tengan est\u00e1n en contra de la Constituci\u00f3n mexicana\u201d, destac\u00f3.<\/p>\n<p>Ante esta situaci\u00f3n, hizo un llamado a instancias como la Comisi\u00f3n de los Derechos Humanos del Estado de Quintana Roo para que cumplan con su responsabilidad, en este caso analizar el nuevo texto.<\/p>\n<p>As\u00ed como el de\u00a0promover los recursos necesarios para incluir nuevamente el tratamiento especial para las v\u00edctimas de violaci\u00f3n.<\/p>\n<p>Ra\u00fal Ojeda Gonz\u00e1lez, integrante de la Federaci\u00f3n de Colegios de Barras de Abogados en Quintana Roo.<\/p>\n<p>Ademas de que consider\u00f3 necesario recuperar la protecci\u00f3n legal para las v\u00edctimas de delito.<\/p>\n<p>As\u00ed como el porque a diferencia de cualquier mujer que puede decidir libremente, ellas no pueden estar sujetas a una limitante de 12 semanas.<\/p>\n","protected":false},"excerpt":{"rendered":"<p>Quedan desprotegidas las v\u00edctimas al eliminar la causal de violaci\u00f3n sexual. Omisiones en reforma de Canc\u00fan: Piden corregir omisiones en reforma sobre aborto. Organizaciones feministas pidieron a los integrantes del Congreso de Quintana Roo corregir algunas omisiones en la reforma del C\u00f3digo Pena. Las cuales\u00a0que consideran viola criterios de la Suprema Corte de Justicia de [&hellip;]<\/p>\n","protected":false},"author":1,"featured_media":10318,"comment_status":"open","ping_status":"closed","sticky":false,"template":"","format":"standard","meta":{"footnotes":""},"categories":[6,9,10],"tags":[],"class_list":["post-10316","post","type-post","status-publish","format-standard","has-post-thumbnail","hentry","category-local","category-politica","category-quintana-roo"],"_links":{"self":[{"href":"https:\/\/podernacional.com\/index.php?rest_route=\/wp\/v2\/posts\/10316","targetHints":{"allow":["GET"]}}],"collection":[{"href":"https:\/\/podernacional.com\/index.php?rest_route=\/wp\/v2\/posts"}],"about":[{"href":"https:\/\/podernacional.com\/index.php?rest_route=\/wp\/v2\/types\/post"}],"author":[{"embeddable":true,"href":"https:\/\/podernacional.com\/index.php?rest_route=\/wp\/v2\/users\/1"}],"replies":[{"embeddable":true,"href":"https:\/\/podernacional.com\/index.php?rest_route=%2Fwp%2Fv2%2Fcomments&post=10316"}],"version-history":[{"count":1,"href":"https:\/\/podernacional.com\/index.php?rest_route=\/wp\/v2\/posts\/10316\/revisions"}],"predecessor-version":[{"id":10317,"href":"https:\/\/podernacional.com\/index.php?rest_route=\/wp\/v2\/posts\/10316\/revisions\/10317"}],"wp:featuredmedia":[{"embeddable":true,"href":"https:\/\/podernacional.com\/index.php?rest_route=\/wp\/v2\/media\/10318"}],"wp:attachment":[{"href":"https:\/\/podernacional.com\/index.php?rest_route=%2Fwp%2Fv2%2Fmedia&parent=10316"}],"wp:term":[{"taxonomy":"category","embeddable":true,"href":"https:\/\/podernacional.com\/index.php?rest_route=%2Fwp%2Fv2%2Fcategories&post=10316"},{"taxonomy":"post_tag","embeddable":true,"href":"https:\/\/podernacional.com\/index.php?rest_route=%2Fwp%2Fv2%2Ftags&post=10316"}],"curies":[{"name":"wp","href":"https:\/\/api.w.org\/{rel}","templated":true}]}}