{"id":10331,"date":"2022-11-09T17:53:30","date_gmt":"2022-11-09T22:53:30","guid":{"rendered":"https:\/\/podernacional.com\/?p=10331"},"modified":"2022-11-09T22:53:32","modified_gmt":"2022-11-09T22:53:32","slug":"festival-internacional-de-cine-lgbt-de-ecuador-reune-51-filmes-de-14-paises","status":"publish","type":"post","link":"https:\/\/podernacional.com\/?p=10331","title":{"rendered":"Festival Internacional de Cine LGBT de Ecuador re\u00fane 51 filmes de 14 pa\u00edses"},"content":{"rendered":"<h4>La novena edici\u00f3n del Festival Internacional de Cine LGBT \u201cEl Lugar Sin L\u00edmites\u201d, de Ecuador.<\/h4>\n<p>Festival Internacional de Cine LGBT: As\u00ed como que se desarrollar\u00e1 del 17 al 27 de noviembre en las ciudades de:<\/p>\n<p>Quito, Ambato, Cuenca, Manta, Machala, Portoviejo y Santa Elena, seg\u00fan anunciaron este mi\u00e9rcoles en un comunicado sus organizadores.<\/p>\n<p>Esta edici\u00f3n estar\u00e1 compuesta por 51 trabajos cinematogr\u00e1ficos de 14 pa\u00edses, entre largometrajes, cortometrajes, documentales y ficci\u00f3n.<\/p>\n<p>As\u00ed como\u00a0con historias que no siempre se cuentan y que a\u00fan son consideradas tab\u00fa.<\/p>\n<p>Entre las pel\u00edculas que participar\u00e1n destaca \u00abLa playa de los enchaquirados\u00bb, de Iv\u00e1n Mora (Ecuador); \u00abAviones de papel\u00bb, de Rob Mendoza (Ecuador).<\/p>\n<p>Al igual que\u00a0\u00abBenedetta\u00bb, de Paul Verhoeven (Francia); y Chigualo, de Christian Rojas (Ecuador).<\/p>\n<p>\u00abEl Lugar sin L\u00edmites\u00bb ofrecer\u00e1 tambi\u00e9n espacios de an\u00e1lisis, reflexi\u00f3n e integraci\u00f3n, libres de discriminaci\u00f3n y violencia\u201d.<\/p>\n<h4>\u201cEsto en los cuales se pueda convivir y conocer las diversas orientaciones sexuales y de g\u00e9nero\u201d.<\/h4>\n<p>Por ende, con la finalidad de generar una cohesi\u00f3n directa entre las personas LGTBI+ y el tejido social ecuatoriano.<\/p>\n<p>El Festival, calificado como uno de los m\u00e1s relevantes de Suram\u00e9rica.<\/p>\n<p>La cual\u00a0es una propuesta art\u00edstica cultural organizada por la asociaci\u00f3n civil Quitogay.<\/p>\n<p>Ademas que\u00a0cuyo objetivo es propiciar espacios art\u00edsticos culturales en los cuales se generen di\u00e1logos interdisciplinarios.<\/p>\n<p>Los cuales que contribuyan a derribar tab\u00faes y prejuicios sobre las personas LGTBI+.<\/p>\n<p>El certamen tambi\u00e9n cuenta con el apoyo de la Casa de la Cultura Ecuatoriana y de la Cinemateca Nacional.<\/p>\n<p>Ademas que\u00a0ha sido reconocido por el Ministerio de Cultura y Patrimonio y por el Instituto de Cine y Creaci\u00f3n Audiovisi\u00f3n (ICCA).<\/p>\n<p>As\u00ed\u00a0como un \u201cfestival emblem\u00e1tico y necesario para el desarrollo cultural del Ecuador\u201d.<\/p>\n","protected":false},"excerpt":{"rendered":"<p>La novena edici\u00f3n del Festival Internacional de Cine LGBT \u201cEl Lugar Sin L\u00edmites\u201d, de Ecuador. Festival Internacional de Cine LGBT: As\u00ed como que se desarrollar\u00e1 del 17 al 27 de noviembre en las ciudades de: Quito, Ambato, Cuenca, Manta, Machala, Portoviejo y Santa Elena, seg\u00fan anunciaron este mi\u00e9rcoles en un comunicado sus organizadores. Esta edici\u00f3n [&hellip;]<\/p>\n","protected":false},"author":1,"featured_media":10333,"comment_status":"open","ping_status":"closed","sticky":false,"template":"","format":"standard","meta":{"footnotes":""},"categories":[2,5],"tags":[],"class_list":["post-10331","post","type-post","status-publish","format-standard","has-post-thumbnail","hentry","category-cultural","category-internacional"],"_links":{"self":[{"href":"https:\/\/podernacional.com\/index.php?rest_route=\/wp\/v2\/posts\/10331","targetHints":{"allow":["GET"]}}],"collection":[{"href":"https:\/\/podernacional.com\/index.php?rest_route=\/wp\/v2\/posts"}],"about":[{"href":"https:\/\/podernacional.com\/index.php?rest_route=\/wp\/v2\/types\/post"}],"author":[{"embeddable":true,"href":"https:\/\/podernacional.com\/index.php?rest_route=\/wp\/v2\/users\/1"}],"replies":[{"embeddable":true,"href":"https:\/\/podernacional.com\/index.php?rest_route=%2Fwp%2Fv2%2Fcomments&post=10331"}],"version-history":[{"count":1,"href":"https:\/\/podernacional.com\/index.php?rest_route=\/wp\/v2\/posts\/10331\/revisions"}],"predecessor-version":[{"id":10332,"href":"https:\/\/podernacional.com\/index.php?rest_route=\/wp\/v2\/posts\/10331\/revisions\/10332"}],"wp:featuredmedia":[{"embeddable":true,"href":"https:\/\/podernacional.com\/index.php?rest_route=\/wp\/v2\/media\/10333"}],"wp:attachment":[{"href":"https:\/\/podernacional.com\/index.php?rest_route=%2Fwp%2Fv2%2Fmedia&parent=10331"}],"wp:term":[{"taxonomy":"category","embeddable":true,"href":"https:\/\/podernacional.com\/index.php?rest_route=%2Fwp%2Fv2%2Fcategories&post=10331"},{"taxonomy":"post_tag","embeddable":true,"href":"https:\/\/podernacional.com\/index.php?rest_route=%2Fwp%2Fv2%2Ftags&post=10331"}],"curies":[{"name":"wp","href":"https:\/\/api.w.org\/{rel}","templated":true}]}}