{"id":10337,"date":"2022-11-09T18:09:25","date_gmt":"2022-11-09T23:09:25","guid":{"rendered":"https:\/\/podernacional.com\/?p=10337"},"modified":"2022-11-09T23:09:27","modified_gmt":"2022-11-09T23:09:27","slug":"nadal-listo-para-competir-en-las-nitto-atp-finals","status":"publish","type":"post","link":"https:\/\/podernacional.com\/?p=10337","title":{"rendered":"Nadal Listo Para Competir En Las Nitto ATP Finals"},"content":{"rendered":"<h4>El espa\u00f1ol entrena con Fritz el mi\u00e9rcoles en el Pala Alpitour<\/h4>\n<p>Nadal ha comenzado a moverse en Tur\u00edn. El legendario espa\u00f1ol practic\u00f3 el mi\u00e9rcoles en el Pala Alpitour antes de las Nitto ATP Finals.<\/p>\n<p>Esto\u00a0con el clasificado por primera vez Taylor Fritz de los Estados Unidos.<\/p>\n<p>Nadal ha clasificado 17 veces para el evento de final de temporada.<\/p>\n<p>El jugador de 36 a\u00f1os, que buscar\u00e1 su primer t\u00edtulo en el evento la pr\u00f3xima semana.<\/p>\n<p>Ademas de que\u00a0golpe\u00f3 m\u00faltiples derechas en la cancha central en preparaci\u00f3n para el campeonato de fin de a\u00f1o.<\/p>\n<p>\u00abSiempre es una gran noticia jugar el \u00faltimo evento del a\u00f1o. Eso dice que tuviste una gran temporada, as\u00ed que estoy emocionado\u00bb, dijo Nadal.<\/p>\n<h4>\u00abItalia es un pa\u00eds muy cercano para m\u00ed. Estar en Tur\u00edn por primera vez en mi vida, es una experiencia nueva\u201d.<\/h4>\n<p>\u201cAs\u00ed que estoy muy feliz por eso y tengo muchas ganas de ver el estadio y los fan\u00e1ticos. Har\u00e9 lo mejor que pueda como siempre\u00bb.<\/p>\n<p>El campe\u00f3n del Abierto de Australia y Roland Garros de este a\u00f1o estaba entrenando bajo la atenta mirada de su cuerpo t\u00e9cnico.<\/p>\n<p>Los cuales est\u00e1n\u00a0incluidos Carlos Moya, Francisco Roig y Marc L\u00f3pez.<\/p>\n<p>Al otro lado de la red estaba Fritz, el hombre con el que jug\u00f3 en la final del BNP Paribas Open.<\/p>\n<p>Ademas que\u00a0de este a\u00f1o y su entrenador, Michael Russell.<\/p>\n<h4>Taylor Fritz, Michael Russell<\/h4>\n<p>Ha sido una gran temporada para el estadounidense.<\/p>\n<p>El cual\u00a0alcanz\u00f3 el Top 10 en el Pepperstone ATP Ranking por primera vez el 10 de octubre despu\u00e9s de levantar el trofeo en Tokio.<\/p>\n<p>Fritz llega a Tur\u00edn con 43 victorias en el circuito este a\u00f1o.<\/p>\n<p>As\u00ed como\u00a0la mayor cantidad en su carrera e intentar\u00e1 hacer una carrera profunda en el evento final de temporada como el octavo sembrado.<\/p>\n","protected":false},"excerpt":{"rendered":"<p>El espa\u00f1ol entrena con Fritz el mi\u00e9rcoles en el Pala Alpitour Nadal ha comenzado a moverse en Tur\u00edn. El legendario espa\u00f1ol practic\u00f3 el mi\u00e9rcoles en el Pala Alpitour antes de las Nitto ATP Finals. Esto\u00a0con el clasificado por primera vez Taylor Fritz de los Estados Unidos. Nadal ha clasificado 17 veces para el evento de [&hellip;]<\/p>\n","protected":false},"author":1,"featured_media":10339,"comment_status":"open","ping_status":"closed","sticky":false,"template":"","format":"standard","meta":{"footnotes":""},"categories":[3,5],"tags":[],"class_list":["post-10337","post","type-post","status-publish","format-standard","has-post-thumbnail","hentry","category-deportes","category-internacional"],"_links":{"self":[{"href":"https:\/\/podernacional.com\/index.php?rest_route=\/wp\/v2\/posts\/10337","targetHints":{"allow":["GET"]}}],"collection":[{"href":"https:\/\/podernacional.com\/index.php?rest_route=\/wp\/v2\/posts"}],"about":[{"href":"https:\/\/podernacional.com\/index.php?rest_route=\/wp\/v2\/types\/post"}],"author":[{"embeddable":true,"href":"https:\/\/podernacional.com\/index.php?rest_route=\/wp\/v2\/users\/1"}],"replies":[{"embeddable":true,"href":"https:\/\/podernacional.com\/index.php?rest_route=%2Fwp%2Fv2%2Fcomments&post=10337"}],"version-history":[{"count":1,"href":"https:\/\/podernacional.com\/index.php?rest_route=\/wp\/v2\/posts\/10337\/revisions"}],"predecessor-version":[{"id":10338,"href":"https:\/\/podernacional.com\/index.php?rest_route=\/wp\/v2\/posts\/10337\/revisions\/10338"}],"wp:featuredmedia":[{"embeddable":true,"href":"https:\/\/podernacional.com\/index.php?rest_route=\/wp\/v2\/media\/10339"}],"wp:attachment":[{"href":"https:\/\/podernacional.com\/index.php?rest_route=%2Fwp%2Fv2%2Fmedia&parent=10337"}],"wp:term":[{"taxonomy":"category","embeddable":true,"href":"https:\/\/podernacional.com\/index.php?rest_route=%2Fwp%2Fv2%2Fcategories&post=10337"},{"taxonomy":"post_tag","embeddable":true,"href":"https:\/\/podernacional.com\/index.php?rest_route=%2Fwp%2Fv2%2Ftags&post=10337"}],"curies":[{"name":"wp","href":"https:\/\/api.w.org\/{rel}","templated":true}]}}