{"id":10346,"date":"2022-11-09T19:40:28","date_gmt":"2022-11-10T00:40:28","guid":{"rendered":"https:\/\/podernacional.com\/?p=10346"},"modified":"2022-11-10T00:40:30","modified_gmt":"2022-11-10T00:40:30","slug":"ariadna-montiel-encabeza-entrega-de-40-mil-tarjetas-de-bienestar-en-zacatecas","status":"publish","type":"post","link":"https:\/\/podernacional.com\/?p=10346","title":{"rendered":"Ariadna Montiel encabeza entrega de 40 mil tarjetas de Bienestar en Zacatecas"},"content":{"rendered":"<h4>La Secretar\u00eda de Bienestar reconoci\u00f3 a diputados federales por reducir en el presupuesto 2023 los recursos para \u00ablas altas burocracias\u201d.<\/h4>\n<p><a href=\"https:\/\/twitter.com\/A_MontielR\">Ariadna Montiel<\/a>: Esto con el fin de entregarlos a grupos vulnerables<\/p>\n<p>Encabeza entrega de 40 mil tarjetas de Bienestar en Zacatecas<\/p>\n<p>Ariadna Montiel, titular de la Secretar\u00eda de Bienestar, encabez\u00f3 en Zacatecas la entrega de m\u00e1s de 40 mil tarjetas de apoyo.<\/p>\n<p>Esto\u00a0para Personas con Discapacidad.<\/p>\n<p>La titular de la Secretar\u00eda de Bienestar, Ariadna Montiel, encabez\u00f3 en Zacatecas la entrega de m\u00e1s de 40 mil tarjetas de apoyo para Personas con Discapacidad.<\/p>\n<p>Al igual que\u00a0con inversi\u00f3n a partes iguales entre el Gobierno de M\u00e9xico y el Gobierno del Estado.<\/p>\n<h4>\u201cTuvieron que pasar m\u00e1s de 20 a\u00f1os para que hubiera justicia para las personas con discapacidad\u201d, asegur\u00f3 la encargada de la pol\u00edtica social del pa\u00eds.<\/h4>\n<p>En este marco, Ariadna Montiel reconoci\u00f3 a diputados federales por reducir en el presupuesto 2023 los recursos para \u00ablas altas burocracias de los \u00f3rganos aut\u00f3nomos\u00bb.<\/p>\n<p>Con el fin de entregarlos a grupos vulnerables de la poblaci\u00f3n.<\/p>\n<p>\u00abSe acab\u00f3 el tiempo de los grandes salarios de los funcionarios. Hoy es el tiempo de gobernar para el pueblo y con el pueblo\u00bb, manifest\u00f3.<\/p>\n<p>La titular de la Secretar\u00eda de Bienestar hizo un reconocimiento al gobernador de Zacatecas, David Monreal.<\/p>\n<p>Ademas\u00a0que desde el primer momento apoy\u00f3 la propuesta del presidente Andr\u00e9s Manuel L\u00f3pez Obrador de lograr junto con las entidades.<\/p>\n<p>As\u00ed que la pensi\u00f3n para discapacitados se vuelva universal.<\/p>\n<p>El registro para inscribirse al padr\u00f3n de beneficiarios comenz\u00f3 el pasado 6 de junio.<\/p>\n<p>Ademas que\u00a0logr\u00f3 congregar a 40 mil 293 personas de 30 a 64 a\u00f1os de edad.<\/p>\n<p>As\u00ed como\u00a0que se dieron cita para recibir su tarjeta bancaria en el Multiforo Zacatecas.<\/p>\n","protected":false},"excerpt":{"rendered":"<p>La Secretar\u00eda de Bienestar reconoci\u00f3 a diputados federales por reducir en el presupuesto 2023 los recursos para \u00ablas altas burocracias\u201d. Ariadna Montiel: Esto con el fin de entregarlos a grupos vulnerables Encabeza entrega de 40 mil tarjetas de Bienestar en Zacatecas Ariadna Montiel, titular de la Secretar\u00eda de Bienestar, encabez\u00f3 en Zacatecas la entrega de [&hellip;]<\/p>\n","protected":false},"author":1,"featured_media":10348,"comment_status":"open","ping_status":"closed","sticky":false,"template":"","format":"standard","meta":{"footnotes":""},"categories":[7,9],"tags":[],"class_list":["post-10346","post","type-post","status-publish","format-standard","has-post-thumbnail","hentry","category-nacional","category-politica"],"_links":{"self":[{"href":"https:\/\/podernacional.com\/index.php?rest_route=\/wp\/v2\/posts\/10346","targetHints":{"allow":["GET"]}}],"collection":[{"href":"https:\/\/podernacional.com\/index.php?rest_route=\/wp\/v2\/posts"}],"about":[{"href":"https:\/\/podernacional.com\/index.php?rest_route=\/wp\/v2\/types\/post"}],"author":[{"embeddable":true,"href":"https:\/\/podernacional.com\/index.php?rest_route=\/wp\/v2\/users\/1"}],"replies":[{"embeddable":true,"href":"https:\/\/podernacional.com\/index.php?rest_route=%2Fwp%2Fv2%2Fcomments&post=10346"}],"version-history":[{"count":1,"href":"https:\/\/podernacional.com\/index.php?rest_route=\/wp\/v2\/posts\/10346\/revisions"}],"predecessor-version":[{"id":10347,"href":"https:\/\/podernacional.com\/index.php?rest_route=\/wp\/v2\/posts\/10346\/revisions\/10347"}],"wp:featuredmedia":[{"embeddable":true,"href":"https:\/\/podernacional.com\/index.php?rest_route=\/wp\/v2\/media\/10348"}],"wp:attachment":[{"href":"https:\/\/podernacional.com\/index.php?rest_route=%2Fwp%2Fv2%2Fmedia&parent=10346"}],"wp:term":[{"taxonomy":"category","embeddable":true,"href":"https:\/\/podernacional.com\/index.php?rest_route=%2Fwp%2Fv2%2Fcategories&post=10346"},{"taxonomy":"post_tag","embeddable":true,"href":"https:\/\/podernacional.com\/index.php?rest_route=%2Fwp%2Fv2%2Ftags&post=10346"}],"curies":[{"name":"wp","href":"https:\/\/api.w.org\/{rel}","templated":true}]}}