{"id":10349,"date":"2022-11-09T19:44:39","date_gmt":"2022-11-10T00:44:39","guid":{"rendered":"https:\/\/podernacional.com\/?p=10349"},"modified":"2022-11-10T00:44:41","modified_gmt":"2022-11-10T00:44:41","slug":"lanza-gobierno-de-zacatecas-convocatoria-al-reconocimiento-estatal-a-la-inclusion-2022","status":"publish","type":"post","link":"https:\/\/podernacional.com\/?p=10349","title":{"rendered":"Lanza Gobierno de Zacatecas Convocatoria al Reconocimiento Estatal a la Inclusi\u00f3n 2022"},"content":{"rendered":"<h4>Invita a participar a personas con discapacidad, grupos o asociaciones del estado<\/h4>\n<p>Reconocimiento Estatal a la Inclusi\u00f3n: Tambi\u00e9n podr\u00e1n participar instituciones que se distingan por su apoyo a las personas con discapacidad<\/p>\n<p>El Gobierno de Zacatecas, que encabeza el mandatario David Monreal \u00c1vila.<\/p>\n<p>Esto a trav\u00e9s del Instituto para la Atenci\u00f3n e Inclusi\u00f3n de las Personas con Discapacidad, lanz\u00f3 la Convocatoria al Reconocimiento Estatal a la Inclusi\u00f3n 2022.<\/p>\n<p>Esta convocatoria pretende visibilizar y enaltecer a las personas con discapacidad e instituciones que se hayan destacado en cualquier noble actividad.<\/p>\n<p>La titular del Instituto, Miriam Garc\u00eda Zamora, a nombre del Gobernador David Monreal \u00c1vila.<\/p>\n<p>As\u00ed como\u00a0se\u00f1al\u00f3 que esta convocatoria tiene la finalidad de visibilizar y generar empat\u00eda con las personas con discapacidad.<\/p>\n<p>As\u00ed premiar el esfuerzo y compromiso tanto de ellas como de instituciones por su labor en pro de este sector.<\/p>\n<p>Las personas con discapacidad, que deseen participar, tendr\u00e1n que presentar curr\u00edculum de trayectoria.<\/p>\n<p>As\u00ed como\u00a0las instituciones deber\u00e1n presentar carta descriptiva, incluyendo objetivo, misi\u00f3n, visi\u00f3n y actividades realizadas a favor de este sector.<\/p>\n<h4>La fecha l\u00edmite de recepci\u00f3n de documentos ser\u00e1 el lunes 28 de noviembre.<\/h4>\n<p>La cual se recibir\u00e1n exclusivamente en las oficinas del Instituto para la Atenci\u00f3n e Inclusi\u00f3n de las Personas con Discapacidad.<\/p>\n<p>El cual est\u00e1\u00a0ubicado en Circuito Cerro del Gato S\/N, Ciudad Administrativa, Edificio K, Nivel 2, C\u00f3digo Postal 98160, Zacatecas.<\/p>\n<p>La premiaci\u00f3n, con reconocimiento y medalla de plata a los ganadores, se realizar\u00e1 el 3 de diciembre, D\u00eda Internacional de las Personas con Discapacidad.<\/p>\n<p>Para mayor informaci\u00f3n, visitar la web inclusion.zacatecas.gob.mx, donde se encontrar\u00e1 la convocatoria completa.<\/p>\n<p>Tambi\u00e9n puedes comunicarte al tel\u00e9fono 4924915088 y 89, o al correo electr\u00f3nico inclusion@zacatecas.gob.mx.<\/p>\n<p>En la presentaci\u00f3n de la convocatoria participaron, el Presidente de la C\u00e1mara Nacional de Comercio, Francisco Flores L\u00f3pez.<\/p>\n<p>Esto en representaci\u00f3n del Instituto de Cultura F\u00edsica y Deporte, Antonio Romero; la directora del Centro de Rehabilitaci\u00f3n y Educaci\u00f3n Especial.<\/p>\n<p>As\u00ed como de\u00a0Adriana de la Luz Torres; la Secretar\u00eda Ejecutiva de la Comisi\u00f3n Nacional de Derechos Humanos, Nancy Ludivina Trejo.<\/p>\n<p>El cual es\u00a0del departamento de Educaci\u00f3n Especial de la SEDUZAC, Aurelio Ch\u00e1vez Salazar, quienes tambi\u00e9n fungir\u00e1n como jurado calificador.<\/p>\n","protected":false},"excerpt":{"rendered":"<p>Invita a participar a personas con discapacidad, grupos o asociaciones del estado Reconocimiento Estatal a la Inclusi\u00f3n: Tambi\u00e9n podr\u00e1n participar instituciones que se distingan por su apoyo a las personas con discapacidad El Gobierno de Zacatecas, que encabeza el mandatario David Monreal \u00c1vila. Esto a trav\u00e9s del Instituto para la Atenci\u00f3n e Inclusi\u00f3n de las [&hellip;]<\/p>\n","protected":false},"author":1,"featured_media":10351,"comment_status":"open","ping_status":"closed","sticky":false,"template":"","format":"standard","meta":{"footnotes":""},"categories":[7,9],"tags":[],"class_list":["post-10349","post","type-post","status-publish","format-standard","has-post-thumbnail","hentry","category-nacional","category-politica"],"_links":{"self":[{"href":"https:\/\/podernacional.com\/index.php?rest_route=\/wp\/v2\/posts\/10349","targetHints":{"allow":["GET"]}}],"collection":[{"href":"https:\/\/podernacional.com\/index.php?rest_route=\/wp\/v2\/posts"}],"about":[{"href":"https:\/\/podernacional.com\/index.php?rest_route=\/wp\/v2\/types\/post"}],"author":[{"embeddable":true,"href":"https:\/\/podernacional.com\/index.php?rest_route=\/wp\/v2\/users\/1"}],"replies":[{"embeddable":true,"href":"https:\/\/podernacional.com\/index.php?rest_route=%2Fwp%2Fv2%2Fcomments&post=10349"}],"version-history":[{"count":1,"href":"https:\/\/podernacional.com\/index.php?rest_route=\/wp\/v2\/posts\/10349\/revisions"}],"predecessor-version":[{"id":10350,"href":"https:\/\/podernacional.com\/index.php?rest_route=\/wp\/v2\/posts\/10349\/revisions\/10350"}],"wp:featuredmedia":[{"embeddable":true,"href":"https:\/\/podernacional.com\/index.php?rest_route=\/wp\/v2\/media\/10351"}],"wp:attachment":[{"href":"https:\/\/podernacional.com\/index.php?rest_route=%2Fwp%2Fv2%2Fmedia&parent=10349"}],"wp:term":[{"taxonomy":"category","embeddable":true,"href":"https:\/\/podernacional.com\/index.php?rest_route=%2Fwp%2Fv2%2Fcategories&post=10349"},{"taxonomy":"post_tag","embeddable":true,"href":"https:\/\/podernacional.com\/index.php?rest_route=%2Fwp%2Fv2%2Ftags&post=10349"}],"curies":[{"name":"wp","href":"https:\/\/api.w.org\/{rel}","templated":true}]}}