{"id":10355,"date":"2022-11-09T20:00:50","date_gmt":"2022-11-10T01:00:50","guid":{"rendered":"https:\/\/podernacional.com\/?p=10355"},"modified":"2022-11-10T01:00:51","modified_gmt":"2022-11-10T01:00:51","slug":"empresarios-de-quintana-roo-dispuestos-a-invertir-en-aeropuerto-de-tulum-de-sedena","status":"publish","type":"post","link":"https:\/\/podernacional.com\/?p=10355","title":{"rendered":"Empresarios de Quintana Roo dispuestos a invertir en Aeropuerto de Tulum de Sedena"},"content":{"rendered":"<h4>Empresarios de Quintana Roo buscar\u00edan invertir en el Aeropuerto de Tulum de Sedena, sin presupuesto federal designado para 2023<\/h4>\n<p>Empresarios de Quintana Roo dispuestos a invertir en Aeropuerto de Tulum de SedenaProyecto de Aeropuerto en Tulum.<\/p>\n<p>Esto de Sedena en Quintana Roo no cuenta con presupuesto federal para 2023.<\/p>\n<p>Los empresarios de Quintana Roo reiteraron su apoyo a la construcci\u00f3n del Aeropuerto de Tulum de Sedena.<\/p>\n<p>As\u00ed como\u00a0por el momento no cuenta con presupuesto asignado para 2023, estudios ambientales o fechas posibles de entrega.<\/p>\n<p>La Confederaci\u00f3n Patronal de la Rep\u00fablica Mexicana (Coparmex) \u00a0asegur\u00f3 que el proyecto a cargo de la Secretar\u00eda de la Defensa Nacional (Sedena).<\/p>\n<p>Ademas de que generar\u00eda un crecimiento econ\u00f3mico en el estado adem\u00e1s de facilitar la movilidad entre aeropuertos.<\/p>\n<p>\u00abEn el caso de Canc\u00fan, que tiene un aeropuerto saturado, por l\u00f3gica el de Tulum ayudar\u00e1 a que no haya saturaci\u00f3n\u201d.<\/p>\n<h4>\u201cAs\u00ed como que puedan crecer m\u00e1s vuelos\u201d.<\/h4>\n<p>Esto lo\u00a0afirm\u00f3 Marc Pujol Folch, presidente de Coparmex Riviera Maya.<\/p>\n<p>Adem\u00e1s, el presidente de Coparmex destac\u00f3 que desde Playa del Carmen al Aeropuerto Internacional de Canc\u00fan son 60 kil\u00f3metros.<\/p>\n<p>Ademas que\u00a0mientras que al Aeropuerto de Tulum ser\u00e1n 20 kil\u00f3metros.<\/p>\n<p>Por su parte Sergio Le\u00f3n Cervantes, presidente de Empresarios por Quintana Roo.<\/p>\n<p>As\u00ed como que\u00a0resalt\u00f3 que el Aeropuerto de Tulum tambi\u00e9n aumentar\u00eda la conectividad con otros pa\u00edses.<\/p>\n<h4>Ademas que por lo que el sector empresarial del estado est\u00e1 dispuesto a invertir en el proyecto.<\/h4>\n<p>\u201cPara que se pueda concretar el aeropuerto de Tulum, definitivamente el sector empresarial estar\u00eda dispuesto a apoyar\u201d.<\/p>\n<p>\u201cPero esa parte siempre debe ser un ganar-ganar, tanto para el estado, para el gobierno federal\u201d.<\/p>\n<p>\u201cAs\u00ed como\u00a0para los empresarios que pudieran invertir\u201d, asegur\u00f3 Le\u00f3n Cervantes.<\/p>\n<p>El empresario se\u00f1al\u00f3 que las actuales terminales aeroportuarias de Quintana Roo han contribuido al aumento de flujo de visitantes.<\/p>\n<p>De acuerdo con las proyecciones de la iniciativa privada de Quintana Roo, el 2022 cerrar\u00eda el a\u00f1o con la visita de 27 millones de turistas.<\/p>\n<p>Mencionan que\u00a0nacionales e internacionales.<\/p>\n","protected":false},"excerpt":{"rendered":"<p>Empresarios de Quintana Roo buscar\u00edan invertir en el Aeropuerto de Tulum de Sedena, sin presupuesto federal designado para 2023 Empresarios de Quintana Roo dispuestos a invertir en Aeropuerto de Tulum de SedenaProyecto de Aeropuerto en Tulum. Esto de Sedena en Quintana Roo no cuenta con presupuesto federal para 2023. Los empresarios de Quintana Roo reiteraron [&hellip;]<\/p>\n","protected":false},"author":1,"featured_media":10357,"comment_status":"open","ping_status":"closed","sticky":false,"template":"","format":"standard","meta":{"footnotes":""},"categories":[6,10],"tags":[],"class_list":["post-10355","post","type-post","status-publish","format-standard","has-post-thumbnail","hentry","category-local","category-quintana-roo"],"_links":{"self":[{"href":"https:\/\/podernacional.com\/index.php?rest_route=\/wp\/v2\/posts\/10355","targetHints":{"allow":["GET"]}}],"collection":[{"href":"https:\/\/podernacional.com\/index.php?rest_route=\/wp\/v2\/posts"}],"about":[{"href":"https:\/\/podernacional.com\/index.php?rest_route=\/wp\/v2\/types\/post"}],"author":[{"embeddable":true,"href":"https:\/\/podernacional.com\/index.php?rest_route=\/wp\/v2\/users\/1"}],"replies":[{"embeddable":true,"href":"https:\/\/podernacional.com\/index.php?rest_route=%2Fwp%2Fv2%2Fcomments&post=10355"}],"version-history":[{"count":1,"href":"https:\/\/podernacional.com\/index.php?rest_route=\/wp\/v2\/posts\/10355\/revisions"}],"predecessor-version":[{"id":10356,"href":"https:\/\/podernacional.com\/index.php?rest_route=\/wp\/v2\/posts\/10355\/revisions\/10356"}],"wp:featuredmedia":[{"embeddable":true,"href":"https:\/\/podernacional.com\/index.php?rest_route=\/wp\/v2\/media\/10357"}],"wp:attachment":[{"href":"https:\/\/podernacional.com\/index.php?rest_route=%2Fwp%2Fv2%2Fmedia&parent=10355"}],"wp:term":[{"taxonomy":"category","embeddable":true,"href":"https:\/\/podernacional.com\/index.php?rest_route=%2Fwp%2Fv2%2Fcategories&post=10355"},{"taxonomy":"post_tag","embeddable":true,"href":"https:\/\/podernacional.com\/index.php?rest_route=%2Fwp%2Fv2%2Ftags&post=10355"}],"curies":[{"name":"wp","href":"https:\/\/api.w.org\/{rel}","templated":true}]}}