{"id":10367,"date":"2022-11-10T17:17:41","date_gmt":"2022-11-10T22:17:41","guid":{"rendered":"https:\/\/podernacional.com\/?p=10367"},"modified":"2022-11-10T22:17:42","modified_gmt":"2022-11-10T22:17:42","slug":"erick-sanchez-y-jesus-angulo-los-primeros-cepillados-para-qatar-2022","status":"publish","type":"post","link":"https:\/\/podernacional.com\/?p=10367","title":{"rendered":"Erick S\u00e1nchez y Jes\u00fas Angulo, los primeros \u2018cepillados\u2019 para Qatar 2022"},"content":{"rendered":"<h4>Ambos futbolistas ya saben de propia voz del Tata Martino.<\/h4>\n<p>Erick S\u00e1nchez y Jes\u00fas Angulo: Las cuales no estar\u00e1n en la pr\u00f3xima Copa del Mundo defendiendo la camiseta de la Selecci\u00f3n Mexicana.<\/p>\n<p>Erick S\u00e1nchez y Jes\u00fas Angulo no estar\u00e1n en Qatar 2022.<\/p>\n<p>De la lista de 31 jugadores que entreg\u00f3 Gerardo \u00abTata\u00bb Martino.<\/p>\n<p>Esto\u00a0hace unos d\u00edas en las instalaciones de la Federaci\u00f3n Mexicana de Futbol en Toluca, Estado de M\u00e9xico.<\/p>\n<p>Al igual que, el estratega deber\u00e1 cortar a cinco futbolistas para el pr\u00f3ximo 14 de noviembre.<\/p>\n<p>Ademas que\u00a0para entregar una n\u00f3mina final de 26 elementos a la FIFA para el Mundial de Qatar 2022.<\/p>\n<p>No obstante, en un acto de sinceridad, el estratega del Tri ya comunic\u00f3 a dos jugadores de los que est\u00e1n concentrados en Girona, Espa\u00f1a.<\/p>\n<h4>Al igual, que ser\u00e1n dados de baja,\u00a0ademas depender\u00e1 de ellos si quieren acompa\u00f1ar o no al equipo al Mundial como parte de los sparrings.<\/h4>\n<p>O\u00a0si desean regresar a su club para continuar con su pretemporada.<\/p>\n<p>Se vendr\u00e1 la pol\u00e9mica el 14: \u00a1Santi Gim\u00e9nez quedar\u00eda fuera!<\/p>\n<p>El primero en saber su futuro inmediato en la Selecci\u00f3n Mexicana fue Erick S\u00e1nchez, jugador del Pachuca.<\/p>\n<p>Al igual que si bien est\u00e1 atravesando por un buen nivel tanto con su club como en el Tri.<\/p>\n<p>Con esto\u00a0no le alcanz\u00f3 para competir en su posici\u00f3n contra Edson \u00c1lvarez y Luis Romo, quienes estuvieron durante todo el proceso.<\/p>\n<p>Tambi\u00e9n el estratega ya sostuvo una pl\u00e1tica con Jes\u00fas Angulo, elemento de Tigres que por momentos parec\u00eda que se sub\u00eda al barco mundialista.<\/p>\n<p>Pero los diferentes errores cometidos en juegos amistosos como ante Uruguay en el verano, hicieron que Martino prefiriera a Johan V\u00e1squez.<\/p>\n<h4>Tecatito Corona no estar\u00e1 en Qatar 2022<\/h4>\n<p>Tras d\u00edas de incertidumbre, la ma\u00f1ana de este martes la Selecci\u00f3n Mexicana.<\/p>\n<p>La cual\u00a0anunci\u00f3 de forma oficial que no podr\u00e1 contar con Jes\u00fas Manuel \u00abTecatito\u00bb Corona para el Mundial.<\/p>\n<p>As\u00ed como la informaci\u00f3n que ya hab\u00eda dado a conocer mediotiempo.<\/p>\n<p>Fue en una charla entre Gerardo Daniel Martino, t\u00e9cnico del Tri y el propio Tecatito.<\/p>\n<p>Lugar\u00a0donde se decidi\u00f3 que el jugador del Sevilla causara baja de la lista rumbo a Qatar 2022.<\/p>\n<p>Ademas que\u00a0debido a \u00abno se ha completado su proceso de recuperaci\u00f3n, tras la lesi\u00f3n sufrida en agosto de este a\u00f1o\u00bb.<\/p>\n","protected":false},"excerpt":{"rendered":"<p>Ambos futbolistas ya saben de propia voz del Tata Martino. Erick S\u00e1nchez y Jes\u00fas Angulo: Las cuales no estar\u00e1n en la pr\u00f3xima Copa del Mundo defendiendo la camiseta de la Selecci\u00f3n Mexicana. Erick S\u00e1nchez y Jes\u00fas Angulo no estar\u00e1n en Qatar 2022. De la lista de 31 jugadores que entreg\u00f3 Gerardo \u00abTata\u00bb Martino. Esto\u00a0hace unos [&hellip;]<\/p>\n","protected":false},"author":1,"featured_media":10369,"comment_status":"open","ping_status":"closed","sticky":false,"template":"","format":"standard","meta":{"footnotes":""},"categories":[3,4],"tags":[],"class_list":["post-10367","post","type-post","status-publish","format-standard","has-post-thumbnail","hentry","category-deportes","category-espectaculos"],"_links":{"self":[{"href":"https:\/\/podernacional.com\/index.php?rest_route=\/wp\/v2\/posts\/10367","targetHints":{"allow":["GET"]}}],"collection":[{"href":"https:\/\/podernacional.com\/index.php?rest_route=\/wp\/v2\/posts"}],"about":[{"href":"https:\/\/podernacional.com\/index.php?rest_route=\/wp\/v2\/types\/post"}],"author":[{"embeddable":true,"href":"https:\/\/podernacional.com\/index.php?rest_route=\/wp\/v2\/users\/1"}],"replies":[{"embeddable":true,"href":"https:\/\/podernacional.com\/index.php?rest_route=%2Fwp%2Fv2%2Fcomments&post=10367"}],"version-history":[{"count":1,"href":"https:\/\/podernacional.com\/index.php?rest_route=\/wp\/v2\/posts\/10367\/revisions"}],"predecessor-version":[{"id":10368,"href":"https:\/\/podernacional.com\/index.php?rest_route=\/wp\/v2\/posts\/10367\/revisions\/10368"}],"wp:featuredmedia":[{"embeddable":true,"href":"https:\/\/podernacional.com\/index.php?rest_route=\/wp\/v2\/media\/10369"}],"wp:attachment":[{"href":"https:\/\/podernacional.com\/index.php?rest_route=%2Fwp%2Fv2%2Fmedia&parent=10367"}],"wp:term":[{"taxonomy":"category","embeddable":true,"href":"https:\/\/podernacional.com\/index.php?rest_route=%2Fwp%2Fv2%2Fcategories&post=10367"},{"taxonomy":"post_tag","embeddable":true,"href":"https:\/\/podernacional.com\/index.php?rest_route=%2Fwp%2Fv2%2Ftags&post=10367"}],"curies":[{"name":"wp","href":"https:\/\/api.w.org\/{rel}","templated":true}]}}