{"id":10370,"date":"2022-11-10T17:23:14","date_gmt":"2022-11-10T22:23:14","guid":{"rendered":"https:\/\/podernacional.com\/?p=10370"},"modified":"2022-11-10T22:23:15","modified_gmt":"2022-11-10T22:23:15","slug":"biden-vuelve-al-ruedo-internacional-fortalecido-tras-elecciones-intermedias-de-eu","status":"publish","type":"post","link":"https:\/\/podernacional.com\/?p=10370","title":{"rendered":"Biden vuelve al ruedo internacional, fortalecido tras elecciones intermedias de EU"},"content":{"rendered":"<h4>Joe Biden, presidente de Estados Unidos.<\/h4>\n<p>Biden: La comunidad internacional aguardaba los resultados de las elecciones de medio mandato en Estados Unidos.<\/p>\n<p>Esto para saber c\u00f3mo se erigir\u00eda el presidente Joe Biden a nivel internacional.<\/p>\n<p>El presidente Joe Biden emprende este jueves una gira internacional vigorizado por los resultados de las elecciones legislativas en Estados Unidos.<\/p>\n<p>Ademas\u00a0que le permitir\u00e1n consolidar ante tres foros multilaterales -la COP27.<\/p>\n<p>As\u00ed como la Asean y el G20- su imagen de defensor de la democracia ante China y Rusia.<\/p>\n<p>El viernes, Biden participar\u00e1 en la conferencia de Naciones Unidas sobre el clima (COP27), que tiene lugar en la ciudad egipcia de Sharm el Sheij.<\/p>\n<h4>Al d\u00eda siguiente viajar\u00e1 a Camboya para asistir a la cumbre de la Asociaci\u00f3n de Naciones del Sudeste Asi\u00e1tico (ASEAN).<\/h4>\n<p>Con esto\u00a0la pr\u00f3xima semana estar\u00e1 en Bali, Indonesia, para la cumbre del G20 de potencias industrializadas y emergentes.<\/p>\n<p>La comunidad internacional aguardaba los resultados de las elecciones de medio mandato para saber c\u00f3mo se erigir\u00eda el presidente Joe Biden a nivel internacional.<\/p>\n<p>\u00bfSeguir\u00eda defendiendo que Estados Unidos lidera la lucha por la democracia contra los modelos autocr\u00e1ticos de China y Rusia?<\/p>\n<p>\u00bfO saldr\u00eda como un l\u00edder debilitado y amenazado por un posible regreso de su predecesor Donald Trump al poder?<\/p>\n<h4>El jueves, seg\u00fan avanzaba el recuento de votos.<\/h4>\n<p>Lo cual\u00a0los republicanos del expresidente Donald Trump parec\u00edan encaminados a obtener la mayor\u00eda en la C\u00e1mara de Representantes.<\/p>\n<p>Pero con una victoria mucho menor de la que se esperaba.<\/p>\n<p>El dirigente dem\u00f3crata, de 79 a\u00f1os, celebr\u00f3 el resultado de los comicios, organizados dos a\u00f1os despu\u00e9s de la elecci\u00f3n presidencial.<\/p>\n<p>As\u00ed como estar consideradas como un refer\u00e9ndum sobre el ocupante de la Casa Blanca.<\/p>\n<p>\u00ab[Nuestros aliados internacionales] estaban muy preocupados por saber si segu\u00edamos siendo la democracia libre que \u00e9ramos\u201d.<\/p>\n<p>\u201cAdemas que si nuestras normas e instituciones importaban\u00bb, dijo Biden.<\/p>\n<p>\u00abCon sus votos, el pueblo estadounidense ha hablado y ha demostrado una vez m\u00e1s que la democracia encarna lo que somos\u00bb, a\u00f1adi\u00f3.<\/p>\n","protected":false},"excerpt":{"rendered":"<p>Joe Biden, presidente de Estados Unidos. Biden: La comunidad internacional aguardaba los resultados de las elecciones de medio mandato en Estados Unidos. Esto para saber c\u00f3mo se erigir\u00eda el presidente Joe Biden a nivel internacional. El presidente Joe Biden emprende este jueves una gira internacional vigorizado por los resultados de las elecciones legislativas en Estados [&hellip;]<\/p>\n","protected":false},"author":1,"featured_media":10372,"comment_status":"open","ping_status":"closed","sticky":false,"template":"","format":"standard","meta":{"footnotes":""},"categories":[5,9],"tags":[],"class_list":["post-10370","post","type-post","status-publish","format-standard","has-post-thumbnail","hentry","category-internacional","category-politica"],"_links":{"self":[{"href":"https:\/\/podernacional.com\/index.php?rest_route=\/wp\/v2\/posts\/10370","targetHints":{"allow":["GET"]}}],"collection":[{"href":"https:\/\/podernacional.com\/index.php?rest_route=\/wp\/v2\/posts"}],"about":[{"href":"https:\/\/podernacional.com\/index.php?rest_route=\/wp\/v2\/types\/post"}],"author":[{"embeddable":true,"href":"https:\/\/podernacional.com\/index.php?rest_route=\/wp\/v2\/users\/1"}],"replies":[{"embeddable":true,"href":"https:\/\/podernacional.com\/index.php?rest_route=%2Fwp%2Fv2%2Fcomments&post=10370"}],"version-history":[{"count":1,"href":"https:\/\/podernacional.com\/index.php?rest_route=\/wp\/v2\/posts\/10370\/revisions"}],"predecessor-version":[{"id":10371,"href":"https:\/\/podernacional.com\/index.php?rest_route=\/wp\/v2\/posts\/10370\/revisions\/10371"}],"wp:featuredmedia":[{"embeddable":true,"href":"https:\/\/podernacional.com\/index.php?rest_route=\/wp\/v2\/media\/10372"}],"wp:attachment":[{"href":"https:\/\/podernacional.com\/index.php?rest_route=%2Fwp%2Fv2%2Fmedia&parent=10370"}],"wp:term":[{"taxonomy":"category","embeddable":true,"href":"https:\/\/podernacional.com\/index.php?rest_route=%2Fwp%2Fv2%2Fcategories&post=10370"},{"taxonomy":"post_tag","embeddable":true,"href":"https:\/\/podernacional.com\/index.php?rest_route=%2Fwp%2Fv2%2Ftags&post=10370"}],"curies":[{"name":"wp","href":"https:\/\/api.w.org\/{rel}","templated":true}]}}