{"id":10376,"date":"2022-11-10T17:57:48","date_gmt":"2022-11-10T22:57:48","guid":{"rendered":"https:\/\/podernacional.com\/?p=10376"},"modified":"2022-11-10T22:57:49","modified_gmt":"2022-11-10T22:57:49","slug":"el-festival-internacional-de-cine-de-los-cabos-reconoce-la-labor-de-karla-souza","status":"publish","type":"post","link":"https:\/\/podernacional.com\/?p=10376","title":{"rendered":"El Festival Internacional de Cine de Los Cabos reconoce la labor de Karla Souza"},"content":{"rendered":"<h4>El FIC de Los Cabos 11 inaugurar\u00e1 con The Whale, protagonizada por Fraser<\/h4>\n<p>Karla Souza: Directoras de festivales de cine en M\u00e9xico se abren camino en industria patriarcal<\/p>\n<p>El Festival Internacional de Cine de Los Cabos revela la imagen de edici\u00f3n 11<\/p>\n<p>La gala de la edici\u00f3n 11 del Festival Internacional de Cine de Los Cabos destac\u00f3 por el reconocimiento Mujeres Fant\u00e1sticas a la actriz Karla Souza y por el estreno nacional de The Whale, filme dirigido por Darren Aronofsky.<\/p>\n<p>As\u00ed como estar\u00a0protagonizado por el actor Brendan Fraser.<\/p>\n<p>El Festival Internacional de Cine de Los Cabos arranc\u00f3 su edici\u00f3n n\u00famero 11 de vuelta a lo presencial con una ceremonia inaugural.<\/p>\n<p>Esto en la que se otorg\u00f3 el reconocimiento Mujeres Fant\u00e1sticas a la actriz Karla Souza en muestra a su lucha en contra del abuso.<\/p>\n<h4>La actividad cin\u00e9fila volvi\u00f3 a llenar las salas de Cinemex Puerto Para\u00edso.<\/h4>\n<p>Esto\u00a0a dos a\u00f1os de que se suspendieran las actividades de este encuentro cultural debido a la pandemia.<\/p>\n<p>El Festival, encabezado por Maru Garz\u00f3n y Alejandra Paul\u00edn.<\/p>\n<p>As\u00ed como\u00a0dio paso nuevamente a la alfombra roja protagonizada por la actriz que se encuentra en la promoci\u00f3n de su nueva cinta La ca\u00edda.<\/p>\n<p>Ademas\u00a0que justo aborda el tema del abuso a trav\u00e9s de la vida de una atleta a la que interpreta:<\/p>\n<p>\u201cSon 70 por ciento de los atletas los que viven alg\u00fan tipo de abuso de poder, abuso psicol\u00f3gico, emocional, sexual\u201d.<\/p>\n<p>\u201cSon muchas las historias que nos contaron y que yo quer\u00eda contar a trav\u00e9s de esta historia\u201d.<\/p>\n<p>\u201cPero lo que yo tambi\u00e9n quer\u00eda mostrar es a trav\u00e9s de una manera v\u00edceral el viaje de una mujer\u201d.<\/p>\n<p>\u201cAdemas que\u00a0lo que cuesta poder nombrar este tipo de abusos\u201d.<\/p>\n<h4>\u201cAs\u00ed como\u00a0la complejidad que tiene y matizarlo en la manera en que se debe para honrar y dignificar el camino de una sobreviviente\u201d.<\/h4>\n<p>\u201cAl igual que\u00a0creo que obviamente vemos los casos que 11 mujeres cada d\u00eda son asesinadas en M\u00e9xico\u201d.<\/p>\n<p>\u201cAs\u00ed como\u00a0es el caso m\u00e1s dram\u00e1tico de lo que es el abuso, el abuso de poder y la inequidad en nuestro pa\u00eds\u201d.<\/p>\n<p>\u201cAdemas que\u00a0por lo tanto s\u00ed siento lo importante que es La Ca\u00edda en este momento para M\u00e9xico\u201d, dijo la actriz a SinEmbargo.<\/p>\n<p>La Ca\u00edda (Luc\u00eda Puenzo, 2022) cuanta la historia de Mariel.<\/p>\n<p>Con esto\u00a0una clavadista \u201cveterana que tiene una \u00faltima oportunidad para cumplir su sue\u00f1o ol\u00edmpico\u201d.<\/p>\n<p>As\u00ed como pero una terrible verdad sale a la luz y la confronta con la pregunta m\u00e1s importante de su vida:<\/p>\n<p>\u201c\u00bfLa definici\u00f3n del m\u00e1s grande sue\u00f1o es ganar?\u201d.<\/p>\n","protected":false},"excerpt":{"rendered":"<p>El FIC de Los Cabos 11 inaugurar\u00e1 con The Whale, protagonizada por Fraser Karla Souza: Directoras de festivales de cine en M\u00e9xico se abren camino en industria patriarcal El Festival Internacional de Cine de Los Cabos revela la imagen de edici\u00f3n 11 La gala de la edici\u00f3n 11 del Festival Internacional de Cine de Los [&hellip;]<\/p>\n","protected":false},"author":1,"featured_media":10378,"comment_status":"open","ping_status":"closed","sticky":false,"template":"","format":"standard","meta":{"footnotes":""},"categories":[4,5],"tags":[],"class_list":["post-10376","post","type-post","status-publish","format-standard","has-post-thumbnail","hentry","category-espectaculos","category-internacional"],"_links":{"self":[{"href":"https:\/\/podernacional.com\/index.php?rest_route=\/wp\/v2\/posts\/10376","targetHints":{"allow":["GET"]}}],"collection":[{"href":"https:\/\/podernacional.com\/index.php?rest_route=\/wp\/v2\/posts"}],"about":[{"href":"https:\/\/podernacional.com\/index.php?rest_route=\/wp\/v2\/types\/post"}],"author":[{"embeddable":true,"href":"https:\/\/podernacional.com\/index.php?rest_route=\/wp\/v2\/users\/1"}],"replies":[{"embeddable":true,"href":"https:\/\/podernacional.com\/index.php?rest_route=%2Fwp%2Fv2%2Fcomments&post=10376"}],"version-history":[{"count":1,"href":"https:\/\/podernacional.com\/index.php?rest_route=\/wp\/v2\/posts\/10376\/revisions"}],"predecessor-version":[{"id":10377,"href":"https:\/\/podernacional.com\/index.php?rest_route=\/wp\/v2\/posts\/10376\/revisions\/10377"}],"wp:featuredmedia":[{"embeddable":true,"href":"https:\/\/podernacional.com\/index.php?rest_route=\/wp\/v2\/media\/10378"}],"wp:attachment":[{"href":"https:\/\/podernacional.com\/index.php?rest_route=%2Fwp%2Fv2%2Fmedia&parent=10376"}],"wp:term":[{"taxonomy":"category","embeddable":true,"href":"https:\/\/podernacional.com\/index.php?rest_route=%2Fwp%2Fv2%2Fcategories&post=10376"},{"taxonomy":"post_tag","embeddable":true,"href":"https:\/\/podernacional.com\/index.php?rest_route=%2Fwp%2Fv2%2Ftags&post=10376"}],"curies":[{"name":"wp","href":"https:\/\/api.w.org\/{rel}","templated":true}]}}