{"id":10382,"date":"2022-11-10T18:47:18","date_gmt":"2022-11-10T23:47:18","guid":{"rendered":"https:\/\/podernacional.com\/?p=10382"},"modified":"2022-11-10T23:47:19","modified_gmt":"2022-11-10T23:47:19","slug":"entregan-40-mil-tarjetas-de-bienestar-para-personas-con-discapacidad-en-zacatecas","status":"publish","type":"post","link":"https:\/\/podernacional.com\/?p=10382","title":{"rendered":"Entregan 40 mil tarjetas de Bienestar para personas con discapacidad en Zacatecas"},"content":{"rendered":"<h4>La titular de la Secretar\u00eda de Bienestar,<a href=\"https:\/\/twitter.com\/a_montielr\"> Ariadna Montiel.<\/a><\/h4>\n<p>Tarjetas de Bienestar: La cual encabez\u00f3 en Zacatecas la entrega de m\u00e1s de 40 mil tarjetas de apoyo para Personas con Discapacidad.<\/p>\n<p>As\u00ed como con inversi\u00f3n a partes iguales entre el Gobierno de M\u00e9xico y el Gobierno del Estado.<\/p>\n<p>Tuvieron que pasar m\u00e1s de 20 a\u00f1os para que hubiera justicia para las personas con discapacidad\u201d, asegur\u00f3 la encargada de la pol\u00edtica social del pa\u00eds.<\/p>\n<p>En este marco, Ariadna Montiel reconoci\u00f3 a diputados federales por reducir en el presupuesto 2023 los recursos para:<\/p>\n<h4>\u201cLas altas burocracias de los \u00f3rganos aut\u00f3nomos\u00bb, con el fin de entregarlos a grupos vulnerables de la poblaci\u00f3n.<\/h4>\n<p>Se acab\u00f3 el tiempo de los grandes salarios de los funcionarios. Hoy es el tiempo de gobernar para el pueblo y con el pueblo\u00bb, manifest\u00f3.<\/p>\n<p>La titular de la Secretar\u00eda de Bienestar hizo un reconocimiento al gobernador de Zacatecas, David Monreal.<\/p>\n<p>As\u00ed como que desde el primer momento apoy\u00f3 la propuesta del presidente Andr\u00e9s Manuel L\u00f3pez Obrador.<\/p>\n<p>Esto conforme\u00a0de lograr junto con las entidades que la pensi\u00f3n para discapacitados se vuelva universal.<\/p>\n<p>El registro para inscribirse al padr\u00f3n de beneficiarios comenz\u00f3 el pasado 6 de junio.<\/p>\n<p>As\u00ed como que logr\u00f3 congregar a 40 mil 293 personas de 30 a 64 a\u00f1os de edad (Tarjetas de Bienestar).<\/p>\n<p>Ademas de que se dieron cita para recibir su tarjeta bancaria en el Multiforo Zacatecas.<\/p>\n","protected":false},"excerpt":{"rendered":"<p>La titular de la Secretar\u00eda de Bienestar, Ariadna Montiel. Tarjetas de Bienestar: La cual encabez\u00f3 en Zacatecas la entrega de m\u00e1s de 40 mil tarjetas de apoyo para Personas con Discapacidad. As\u00ed como con inversi\u00f3n a partes iguales entre el Gobierno de M\u00e9xico y el Gobierno del Estado. Tuvieron que pasar m\u00e1s de 20 a\u00f1os [&hellip;]<\/p>\n","protected":false},"author":1,"featured_media":10384,"comment_status":"open","ping_status":"closed","sticky":false,"template":"","format":"standard","meta":{"footnotes":""},"categories":[7,9],"tags":[],"class_list":["post-10382","post","type-post","status-publish","format-standard","has-post-thumbnail","hentry","category-nacional","category-politica"],"_links":{"self":[{"href":"https:\/\/podernacional.com\/index.php?rest_route=\/wp\/v2\/posts\/10382","targetHints":{"allow":["GET"]}}],"collection":[{"href":"https:\/\/podernacional.com\/index.php?rest_route=\/wp\/v2\/posts"}],"about":[{"href":"https:\/\/podernacional.com\/index.php?rest_route=\/wp\/v2\/types\/post"}],"author":[{"embeddable":true,"href":"https:\/\/podernacional.com\/index.php?rest_route=\/wp\/v2\/users\/1"}],"replies":[{"embeddable":true,"href":"https:\/\/podernacional.com\/index.php?rest_route=%2Fwp%2Fv2%2Fcomments&post=10382"}],"version-history":[{"count":1,"href":"https:\/\/podernacional.com\/index.php?rest_route=\/wp\/v2\/posts\/10382\/revisions"}],"predecessor-version":[{"id":10383,"href":"https:\/\/podernacional.com\/index.php?rest_route=\/wp\/v2\/posts\/10382\/revisions\/10383"}],"wp:featuredmedia":[{"embeddable":true,"href":"https:\/\/podernacional.com\/index.php?rest_route=\/wp\/v2\/media\/10384"}],"wp:attachment":[{"href":"https:\/\/podernacional.com\/index.php?rest_route=%2Fwp%2Fv2%2Fmedia&parent=10382"}],"wp:term":[{"taxonomy":"category","embeddable":true,"href":"https:\/\/podernacional.com\/index.php?rest_route=%2Fwp%2Fv2%2Fcategories&post=10382"},{"taxonomy":"post_tag","embeddable":true,"href":"https:\/\/podernacional.com\/index.php?rest_route=%2Fwp%2Fv2%2Ftags&post=10382"}],"curies":[{"name":"wp","href":"https:\/\/api.w.org\/{rel}","templated":true}]}}