{"id":10391,"date":"2022-11-11T18:39:49","date_gmt":"2022-11-11T23:39:49","guid":{"rendered":"https:\/\/podernacional.com\/?p=10391"},"modified":"2022-11-11T23:39:51","modified_gmt":"2022-11-11T23:39:51","slug":"anuncian-el-13vo-festival-internacional-jose-alfredo-jimenez-en-ciudad-de-mexico","status":"publish","type":"post","link":"https:\/\/podernacional.com\/?p=10391","title":{"rendered":"Anuncian el 13vo. Festival Internacional Jos\u00e9 Alfredo Jim\u00e9nez en Ciudad de M\u00e9xico"},"content":{"rendered":"<h4>Artistas como Reyli Barba, Majo Aguilar, Lorenzo M\u00e9ndez, Mar\u00eda Elena Leal, principalmente, se presentar\u00e1n en el festival.<\/h4>\n<p>Festival Internacional Jos\u00e9 Alfredo Jim\u00e9nez: Se espera una asistencia de 20 mil personas y una derrama econ\u00f3mica de 5 millones 963 mil pesos.<\/p>\n<p>Ciudad de M\u00e9xico, a 10 de noviembre del 2022.<\/p>\n<p>Del 18 al 21 de noviembre se llevar\u00e1 a cabo el 13vo.<\/p>\n<p>\u201cFestival Internacional Jos\u00e9 Alfredo Jim\u00e9nez\u201d, en el Pueblo M\u00e1gico de Dolores Hidalgo CIN.<\/p>\n<p>El cual es\u00a0evento que a\u00f1o con a\u00f1o se realiza en honor al \u201cEl Rey\u201d, conocido tambi\u00e9n como el poeta del pueblo.<\/p>\n<p>En representaci\u00f3n de Juan Jos\u00e9 \u00c1lvarez Brunel, secretario de Turismo del Estado de Guanajuato, Francisco Javier Valverde Polin.<\/p>\n<h4>El cual es\u00a0director de Desarrollo Tur\u00edstico, en compa\u00f1\u00eda de Paloma Jim\u00e9nez, hija del cantautor dolorense.<\/h4>\n<p>Ademas de la\u00a0directora de Casa Museo Jos\u00e9 Alfredo Jim\u00e9nez; Jos\u00e9 Guillermo Azanza Liera, director de Casa Museo Jos\u00e9 Alfredo Jim\u00e9nez.<\/p>\n<p>As\u00ed como\u00a0Juan Roberto Reyna, director de Turismo de Dolores Hidalgo CIN.<\/p>\n<p>Los cuales\u00a0anunciaron los pormenores en conferencia de prensa celebrada hoy en Ciudad de M\u00e9xico.<\/p>\n<p>Durante los 4 d\u00edas de festival, Valverde Polin apunt\u00f3 que se espera una asistencia de 20 mil personas de todo el estado, el pa\u00eds y el mundo.<\/p>\n<p>Ademas de\u00a0quienes generar\u00e1n una derrama econ\u00f3mica de 5 millones 963 mil pesos.<\/p>\n<p>En esta edici\u00f3n, los visitantes recordar\u00e1n la trayectoria de \u201cEl Rey\u201d.<\/p>\n<p>Esto\u00a0a trav\u00e9s de un programa musical que iniciar\u00e1 el 18 de noviembre con un show del cantante Reyli Barba; el 19 de noviembre.<\/p>\n<h4>As\u00ed como\u00a0los asistentes podr\u00e1n disfrutar de la m\u00fasica de Majo Aguilar, Valente Pastor, Mar\u00eda Elena Leal y Alberto \u00c1ngel:<\/h4>\n<p>\u201cEl Cuervo; y el 20 de noviembre se presentar\u00e1n en concierto, la Banda Lirio, el Mariachi \u201cLos Gavilanes\u201d, Jos\u00e9 Alfredo y Lorenzo M\u00e9ndez.<\/p>\n<p>Adem\u00e1s, los asistentes disfrutar\u00e1n de actividades como serenatas, bohemias y recorrido de cantinas; de un programa cultural y gastron\u00f3mico.<\/p>\n<p>Ademas de que\u00a0podr\u00e1n visitar los vi\u00f1edos y la variedad de atractivos tur\u00edsticos del Pueblo M\u00e1gico.<\/p>\n<p>En la rueda de prensa tambi\u00e9n estuvieron presentes Mar\u00eda Elena Leal Beltr\u00e1n, hija de Lola Beltr\u00e1n; el tenor Alberto \u00c1ngel \u201cEl Cuervo\u201d.<\/p>\n<p>As\u00ed como\u00a0Jos\u00e9 Alfredo Jim\u00e9nez Ugalde, nieto de \u201cEl Rey\u201d; y el cantante Lorenzo M\u00e9ndez.<\/p>\n<p>Para m\u00e1s informaci\u00f3n visita www.guanajuato.mx o descarga la APP Visita Guanajuato disponible para iOS y Android.<\/p>\n","protected":false},"excerpt":{"rendered":"<p>Artistas como Reyli Barba, Majo Aguilar, Lorenzo M\u00e9ndez, Mar\u00eda Elena Leal, principalmente, se presentar\u00e1n en el festival. Festival Internacional Jos\u00e9 Alfredo Jim\u00e9nez: Se espera una asistencia de 20 mil personas y una derrama econ\u00f3mica de 5 millones 963 mil pesos. Ciudad de M\u00e9xico, a 10 de noviembre del 2022. Del 18 al 21 de noviembre [&hellip;]<\/p>\n","protected":false},"author":1,"featured_media":10393,"comment_status":"open","ping_status":"closed","sticky":false,"template":"","format":"standard","meta":{"footnotes":""},"categories":[2,5,7],"tags":[],"class_list":["post-10391","post","type-post","status-publish","format-standard","has-post-thumbnail","hentry","category-cultural","category-internacional","category-nacional"],"_links":{"self":[{"href":"https:\/\/podernacional.com\/index.php?rest_route=\/wp\/v2\/posts\/10391","targetHints":{"allow":["GET"]}}],"collection":[{"href":"https:\/\/podernacional.com\/index.php?rest_route=\/wp\/v2\/posts"}],"about":[{"href":"https:\/\/podernacional.com\/index.php?rest_route=\/wp\/v2\/types\/post"}],"author":[{"embeddable":true,"href":"https:\/\/podernacional.com\/index.php?rest_route=\/wp\/v2\/users\/1"}],"replies":[{"embeddable":true,"href":"https:\/\/podernacional.com\/index.php?rest_route=%2Fwp%2Fv2%2Fcomments&post=10391"}],"version-history":[{"count":1,"href":"https:\/\/podernacional.com\/index.php?rest_route=\/wp\/v2\/posts\/10391\/revisions"}],"predecessor-version":[{"id":10392,"href":"https:\/\/podernacional.com\/index.php?rest_route=\/wp\/v2\/posts\/10391\/revisions\/10392"}],"wp:featuredmedia":[{"embeddable":true,"href":"https:\/\/podernacional.com\/index.php?rest_route=\/wp\/v2\/media\/10393"}],"wp:attachment":[{"href":"https:\/\/podernacional.com\/index.php?rest_route=%2Fwp%2Fv2%2Fmedia&parent=10391"}],"wp:term":[{"taxonomy":"category","embeddable":true,"href":"https:\/\/podernacional.com\/index.php?rest_route=%2Fwp%2Fv2%2Fcategories&post=10391"},{"taxonomy":"post_tag","embeddable":true,"href":"https:\/\/podernacional.com\/index.php?rest_route=%2Fwp%2Fv2%2Ftags&post=10391"}],"curies":[{"name":"wp","href":"https:\/\/api.w.org\/{rel}","templated":true}]}}