{"id":10394,"date":"2022-11-11T18:56:37","date_gmt":"2022-11-11T23:56:37","guid":{"rendered":"https:\/\/podernacional.com\/?p=10394"},"modified":"2022-11-11T23:56:39","modified_gmt":"2022-11-11T23:56:39","slug":"queretaro-tendra-festival-urbano-en-el-parque-bicentenario","status":"publish","type":"post","link":"https:\/\/podernacional.com\/?p=10394","title":{"rendered":"Quer\u00e9taro tendr\u00e1 Festival Urbano en el Parque Bicentenario"},"content":{"rendered":"<h4>El concurso de arte urbano Fresstyle busca fortalecer el tejido social, y la sana convivencia en el estado.<\/h4>\n<p>Festival Urbano en <a href=\"https:\/\/www.queretaro.gob.mx\/\">Quer\u00e9taro<\/a> tendr\u00e1 Festival Urbano en el Parque Bicentenario<\/p>\n<p>El Municipio de Quer\u00e9taro, a trav\u00e9s de la Secretar\u00eda de Turismo y la Secretar\u00eda de Desarrollo Humano y Social.<\/p>\n<p>As\u00ed como que\u00a0invita a las familias queretanas este s\u00e1bado, a partir de las 18:00 horas en el Parque Bicentenario.<\/p>\n<p>Ademas que a la gran final nacional del Origen \u201cFreestyle Al Parque\u201d.<\/p>\n<p>Este es un concurso de arte urbano el cual busca fortalecer el tejido social y la sana convivencia.<\/p>\n<p>Adem\u00e1s de continuar con el trabajo que se realiza con los j\u00f3venes de barrio a trav\u00e9s del programa \u201cSomos Quer\u00e9taro, Contigo Prevenimos\u201d.<\/p>\n<h4>Asimismo, en esta final nacional participar\u00e1n 16 j\u00f3venes provenientes de todo el pa\u00eds.<\/h4>\n<p>Al igual que contar\u00e1 como jurado a artistas de renombre internacional del Freestyle, como son:<\/p>\n<p>Marithea de Colombia, Teorema de Chile y Lancer de Venezuela.<\/p>\n<p>Oportunidad para los j\u00f3venes de barrio<\/p>\n<p>Por su parte, la coordinadora de Desarrollo Humano y Social, Adriana Bouchot.<\/p>\n<p>Al igual que\u00a0se\u00f1al\u00f3 que esta es una oportunidad para que los j\u00f3venes de barrio tengan la posibilidad de conocer a diferentes talentos.<\/p>\n<p>As\u00ed como que puedan participar en un concurso interesante como lo es el freestyle.<\/p>\n<p>Cabe resaltar que previo a la Final Nacional Origen Freestyle.<\/p>\n<p>Ademas de que\u00a0se llevar\u00e1 a cabo un Festival Urbano en el que las familias podr\u00e1n disfrutar de una amplia convivencia.<\/p>\n<p>Esto\u00a0en las que habr\u00e1 diferentes actividades y talleres.<\/p>\n","protected":false},"excerpt":{"rendered":"<p>El concurso de arte urbano Fresstyle busca fortalecer el tejido social, y la sana convivencia en el estado. Festival Urbano en Quer\u00e9taro tendr\u00e1 Festival Urbano en el Parque Bicentenario El Municipio de Quer\u00e9taro, a trav\u00e9s de la Secretar\u00eda de Turismo y la Secretar\u00eda de Desarrollo Humano y Social. As\u00ed como que\u00a0invita a las familias queretanas [&hellip;]<\/p>\n","protected":false},"author":1,"featured_media":10396,"comment_status":"open","ping_status":"closed","sticky":false,"template":"","format":"standard","meta":{"footnotes":""},"categories":[4,5],"tags":[],"class_list":["post-10394","post","type-post","status-publish","format-standard","has-post-thumbnail","hentry","category-espectaculos","category-internacional"],"_links":{"self":[{"href":"https:\/\/podernacional.com\/index.php?rest_route=\/wp\/v2\/posts\/10394","targetHints":{"allow":["GET"]}}],"collection":[{"href":"https:\/\/podernacional.com\/index.php?rest_route=\/wp\/v2\/posts"}],"about":[{"href":"https:\/\/podernacional.com\/index.php?rest_route=\/wp\/v2\/types\/post"}],"author":[{"embeddable":true,"href":"https:\/\/podernacional.com\/index.php?rest_route=\/wp\/v2\/users\/1"}],"replies":[{"embeddable":true,"href":"https:\/\/podernacional.com\/index.php?rest_route=%2Fwp%2Fv2%2Fcomments&post=10394"}],"version-history":[{"count":1,"href":"https:\/\/podernacional.com\/index.php?rest_route=\/wp\/v2\/posts\/10394\/revisions"}],"predecessor-version":[{"id":10395,"href":"https:\/\/podernacional.com\/index.php?rest_route=\/wp\/v2\/posts\/10394\/revisions\/10395"}],"wp:featuredmedia":[{"embeddable":true,"href":"https:\/\/podernacional.com\/index.php?rest_route=\/wp\/v2\/media\/10396"}],"wp:attachment":[{"href":"https:\/\/podernacional.com\/index.php?rest_route=%2Fwp%2Fv2%2Fmedia&parent=10394"}],"wp:term":[{"taxonomy":"category","embeddable":true,"href":"https:\/\/podernacional.com\/index.php?rest_route=%2Fwp%2Fv2%2Fcategories&post=10394"},{"taxonomy":"post_tag","embeddable":true,"href":"https:\/\/podernacional.com\/index.php?rest_route=%2Fwp%2Fv2%2Ftags&post=10394"}],"curies":[{"name":"wp","href":"https:\/\/api.w.org\/{rel}","templated":true}]}}