{"id":10400,"date":"2022-11-11T19:45:56","date_gmt":"2022-11-12T00:45:56","guid":{"rendered":"https:\/\/podernacional.com\/?p=10400"},"modified":"2022-11-12T00:45:58","modified_gmt":"2022-11-12T00:45:58","slug":"lamenta-amnistia-internacional-aval-de-congresos-a-reforma-en-militarizacion","status":"publish","type":"post","link":"https:\/\/podernacional.com\/?p=10400","title":{"rendered":"Lamenta Amnist\u00eda Internacional aval de Congresos a reforma en militarizaci\u00f3n"},"content":{"rendered":"<h4>Amnist\u00eda Internacional lament\u00f3 la decisi\u00f3n de 20 Congresos estatales de aprobar la ampliaci\u00f3n de las tareas de las Fuerzas Armadas en seguridad p\u00fablica hasta 2028.<\/h4>\n<p>Reforma en militarizaci\u00f3n: Amnist\u00eda Internacional lament\u00f3 la decisi\u00f3n de 20 Congresos estatales de aprobar la ampliaci\u00f3n de las tareas de las Fuerzas Armadas.<\/p>\n<p>Esto\u00a0en seguridad p\u00fablica hasta el 2028.<\/p>\n<p>A trav\u00e9s de su cuenta en Twitter, la ONG destac\u00f3 que preocupa que los legislativos locales hayan aprobado la enmienda constitucional.<\/p>\n<p>Ya que se incrementan las probabilidades de que las Fuerzas Armadas violen los derechos humanos de la ciudadan\u00eda.<\/p>\n<p>\u201cEsta reforma es contraria a los est\u00e1ndares internacionales en materia de derechos humanos que se\u00f1alan que las fuerzas militares\u201d.<\/p>\n<p>\u00abAdemas que\u00a0solo deben realizar tareas de seguridad p\u00fablica de manera extraordinaria, regulada, fiscalizada, subordinada y complementaria\u201d, indic\u00f3 Amnist\u00eda Internacional.<\/p>\n<p>Los Congresos locales que han aprobado la reforma en sus entidades son:<\/p>\n<p>Baja California, Baja California Sur, Campeche, Coahuila, Colima, Chiapas, Hidalgo, Michoac\u00e1n, Nayarit, Oaxaca, Puebla, Quintana Roo.<\/p>\n<p>As\u00ed como de\u00a0Sinaloa, San Luis Potos\u00ed, Sonora, Tabasco, Tamaulipas, Veracruz, Estado de M\u00e9xico y Ciudad de M\u00e9xico.<\/p>\n<h4>Misi\u00f3n de Augusto L\u00f3pez<\/h4>\n<p>Para dialogar con los Congresos de las 32 entidades federativas, el presidente Andr\u00e9s Manuel L\u00f3pez Obrador instruy\u00f3 al secretario de Gobernaci\u00f3n.<\/p>\n<p>As\u00ed como de\u00a0Ad\u00e1n Augusto L\u00f3pez Hern\u00e1ndez, acudir a los recintos legislativos y explicar los beneficios de la reforma aprobada.<\/p>\n<p>Ad\u00e1n Augusto ha repetido en diferentes ocasiones que la inclusi\u00f3n del Ej\u00e9rcito.<\/p>\n<p>Al igual que la\u00a0Marina de M\u00e9xico en tareas de seguridad es necesaria para la preservaci\u00f3n de la paz en el pa\u00eds.<\/p>\n<p>No obstante, en d\u00edas recientes, la Organizaci\u00f3n de las Naciones Unidas (ONU).<\/p>\n<p>Ademas de que\u00a0se\u00f1al\u00f3 que M\u00e9xico vive un retroceso en materia de seguridad p\u00fablica.<\/p>\n<p>A trav\u00e9s de una misiva, la ONU inform\u00f3 que la Alta Comisionada interina de las Naciones Unidas para los Derechos Humanos, Nada Al-Nashif.<\/p>\n<p>Lo cual\u00a0expres\u00f3 su preocupaci\u00f3n por la decisi\u00f3n del Congreso federal mexicano por la aprobaci\u00f3n de la reforma.<\/p>\n<p>Las reformas dejan efectivamente a M\u00e9xico sin una fuerza policial civil a nivel federal.<\/p>\n<p>\u201cAs\u00ed como estar\u00a0consolidando a\u00fan m\u00e1s el ya prominente papel de las Fuerzas Armadas en la seguridad p\u00fablica en M\u00e9xico\u201d, dijo Al-Nashif.<\/p>\n<p>A\u00f1adi\u00f3 que los mecanismos de derechos humanos han se\u00f1alado claramente que las Fuerzas Armadas s\u00f3lo deben intervenir en la seguridad p\u00fablica de forma temporal.<\/p>\n<p>Reforma en militarizaci\u00f3n<\/p>\n","protected":false},"excerpt":{"rendered":"<p>Amnist\u00eda Internacional lament\u00f3 la decisi\u00f3n de 20 Congresos estatales de aprobar la ampliaci\u00f3n de las tareas de las Fuerzas Armadas en seguridad p\u00fablica hasta 2028. Reforma en militarizaci\u00f3n: Amnist\u00eda Internacional lament\u00f3 la decisi\u00f3n de 20 Congresos estatales de aprobar la ampliaci\u00f3n de las tareas de las Fuerzas Armadas. Esto\u00a0en seguridad p\u00fablica hasta el 2028. A [&hellip;]<\/p>\n","protected":false},"author":1,"featured_media":10402,"comment_status":"open","ping_status":"closed","sticky":false,"template":"","format":"standard","meta":{"footnotes":""},"categories":[5,9],"tags":[],"class_list":["post-10400","post","type-post","status-publish","format-standard","has-post-thumbnail","hentry","category-internacional","category-politica"],"_links":{"self":[{"href":"https:\/\/podernacional.com\/index.php?rest_route=\/wp\/v2\/posts\/10400","targetHints":{"allow":["GET"]}}],"collection":[{"href":"https:\/\/podernacional.com\/index.php?rest_route=\/wp\/v2\/posts"}],"about":[{"href":"https:\/\/podernacional.com\/index.php?rest_route=\/wp\/v2\/types\/post"}],"author":[{"embeddable":true,"href":"https:\/\/podernacional.com\/index.php?rest_route=\/wp\/v2\/users\/1"}],"replies":[{"embeddable":true,"href":"https:\/\/podernacional.com\/index.php?rest_route=%2Fwp%2Fv2%2Fcomments&post=10400"}],"version-history":[{"count":1,"href":"https:\/\/podernacional.com\/index.php?rest_route=\/wp\/v2\/posts\/10400\/revisions"}],"predecessor-version":[{"id":10401,"href":"https:\/\/podernacional.com\/index.php?rest_route=\/wp\/v2\/posts\/10400\/revisions\/10401"}],"wp:featuredmedia":[{"embeddable":true,"href":"https:\/\/podernacional.com\/index.php?rest_route=\/wp\/v2\/media\/10402"}],"wp:attachment":[{"href":"https:\/\/podernacional.com\/index.php?rest_route=%2Fwp%2Fv2%2Fmedia&parent=10400"}],"wp:term":[{"taxonomy":"category","embeddable":true,"href":"https:\/\/podernacional.com\/index.php?rest_route=%2Fwp%2Fv2%2Fcategories&post=10400"},{"taxonomy":"post_tag","embeddable":true,"href":"https:\/\/podernacional.com\/index.php?rest_route=%2Fwp%2Fv2%2Ftags&post=10400"}],"curies":[{"name":"wp","href":"https:\/\/api.w.org\/{rel}","templated":true}]}}