{"id":10406,"date":"2022-11-11T20:32:42","date_gmt":"2022-11-12T01:32:42","guid":{"rendered":"https:\/\/podernacional.com\/?p=10406"},"modified":"2022-11-12T01:32:44","modified_gmt":"2022-11-12T01:32:44","slug":"lleva-gobierno-de-zacatecas-financiamiento-y-apoyos-a-pequenos-negocios-de-rio-grande","status":"publish","type":"post","link":"https:\/\/podernacional.com\/?p=10406","title":{"rendered":"Lleva Gobierno de Zacatecas financiamiento y apoyos a peque\u00f1os negocios de R\u00edo Grande"},"content":{"rendered":"<h4>La Feria impulsar\u00e1 a unidades econ\u00f3micas que requieran financiamiento para acelerar, afianzar y consolidar sus actividades<\/h4>\n<p>Financiamiento: La intenci\u00f3n del Gobierno es dotar de cr\u00e9ditos accesibles y competitivos a los negocios zacatecanos<\/p>\n<p>Con el objetivo de poner a disposici\u00f3n de las micros, peque\u00f1as.<\/p>\n<p>As\u00ed como de\u00a0medianas empresas del municipio de R\u00edo Grande opciones de financiamiento baratas, accesibles y competitivas.<\/p>\n<p>Ademas que el Gobierno de Zacatecas, que encabeza el mandatario David Monreal \u00c1vila.<\/p>\n<p>A\u00a0trav\u00e9s de la Secretar\u00eda de Econom\u00eda y Fondo Plata, llev\u00f3 a cabo la Feria Regional de Financiamiento para Pymes R\u00edo Grande 2022.<\/p>\n<p>Esta feria fomenta e impulsa el crecimiento y desarrollo a trav\u00e9s de la colaboraci\u00f3n de todos los entes econ\u00f3micos y gubernamentales.<\/p>\n<p>Esto\u00a0en beneficio de todas aquellas unidades econ\u00f3micas que requieran de financiamiento para acelerar, afianzar.<\/p>\n<h4>As\u00ed como de consolidar sus respectivas actividades, esperando se detone la inversi\u00f3n local, se incremente la productividad, as\u00ed como el consumo.<\/h4>\n<p>En este evento tambi\u00e9n se hizo entrega de apoyos del programa Mi Negocio Crece a carnicer\u00edas, tiendas de abarrotes.<\/p>\n<p>Al igual que\u00a0tortiller\u00edas, entre otras, en rehabilitaci\u00f3n integral del negocio, puntos de venta e insumos del negocio.<\/p>\n<p>En representaci\u00f3n del Gobernador David Monreal \u00c1vila y del Secretario Rodrigo Casta\u00f1eda.<\/p>\n<p>Con esto\u00a0la Subsecretaria de Desarrollo Empresarial y Financiamiento, Alejandra Acu\u00f1a S\u00e1nchez, inform\u00f3 que el crecimiento del estado se vincula.<\/p>\n<p>As\u00ed como\u00a0necesariamente, con el impulso a sus empresas locales y el fortalecimiento del mercado interno.<\/p>\n<p>Ademas que\u00a0lo cual no s\u00f3lo reporta altos beneficios econ\u00f3micos, sino tambi\u00e9n beneficios sociales.<\/p>\n<p>As\u00ed como\u00a0ya que con ello se generan empleos y se mejora la calidad de vida de las familias zacatecanas.<\/p>\n<p>\u201cEn Zacatecas creemos en nuestras empresas y queremos acompa\u00f1arlas en su crecimiento; es por ello que, a trav\u00e9s de Fondo Plata\u201d.<\/p>\n<p>\u201cAdemas que se dota de cr\u00e9ditos con tasas de inter\u00e9s preferenciales, para que las Mipymes contin\u00faen con sus operaciones\u201d.<\/p>\n<p>\u201cAs\u00ed como de\u00a0ampliar sus procesos productivos o relanzar sus proyectos\u201d, mencion\u00f3 la funcionaria.<\/p>\n<p>Esta Feria tambi\u00e9n cuenta con el programa Impulso, un esfuerzo conjunto de Nacional Financiera (NAFINSA).<\/p>\n<p>As\u00ed como\u00a0el Gobierno de Zacatecas, en el cual hay una bolsa hist\u00f3rica de 1 mil millones de pesos disponibles para financiar proyectos de zacatecanos.<\/p>\n<p>Al igual que de\u00a0zacatecanas que as\u00ed lo necesiten para empezar o ampliar sus negocios.<\/p>\n","protected":false},"excerpt":{"rendered":"<p>La Feria impulsar\u00e1 a unidades econ\u00f3micas que requieran financiamiento para acelerar, afianzar y consolidar sus actividades Financiamiento: La intenci\u00f3n del Gobierno es dotar de cr\u00e9ditos accesibles y competitivos a los negocios zacatecanos Con el objetivo de poner a disposici\u00f3n de las micros, peque\u00f1as. As\u00ed como de\u00a0medianas empresas del municipio de R\u00edo Grande opciones de financiamiento [&hellip;]<\/p>\n","protected":false},"author":1,"featured_media":10408,"comment_status":"open","ping_status":"closed","sticky":false,"template":"","format":"standard","meta":{"footnotes":""},"categories":[7,9],"tags":[],"class_list":["post-10406","post","type-post","status-publish","format-standard","has-post-thumbnail","hentry","category-nacional","category-politica"],"_links":{"self":[{"href":"https:\/\/podernacional.com\/index.php?rest_route=\/wp\/v2\/posts\/10406","targetHints":{"allow":["GET"]}}],"collection":[{"href":"https:\/\/podernacional.com\/index.php?rest_route=\/wp\/v2\/posts"}],"about":[{"href":"https:\/\/podernacional.com\/index.php?rest_route=\/wp\/v2\/types\/post"}],"author":[{"embeddable":true,"href":"https:\/\/podernacional.com\/index.php?rest_route=\/wp\/v2\/users\/1"}],"replies":[{"embeddable":true,"href":"https:\/\/podernacional.com\/index.php?rest_route=%2Fwp%2Fv2%2Fcomments&post=10406"}],"version-history":[{"count":1,"href":"https:\/\/podernacional.com\/index.php?rest_route=\/wp\/v2\/posts\/10406\/revisions"}],"predecessor-version":[{"id":10407,"href":"https:\/\/podernacional.com\/index.php?rest_route=\/wp\/v2\/posts\/10406\/revisions\/10407"}],"wp:featuredmedia":[{"embeddable":true,"href":"https:\/\/podernacional.com\/index.php?rest_route=\/wp\/v2\/media\/10408"}],"wp:attachment":[{"href":"https:\/\/podernacional.com\/index.php?rest_route=%2Fwp%2Fv2%2Fmedia&parent=10406"}],"wp:term":[{"taxonomy":"category","embeddable":true,"href":"https:\/\/podernacional.com\/index.php?rest_route=%2Fwp%2Fv2%2Fcategories&post=10406"},{"taxonomy":"post_tag","embeddable":true,"href":"https:\/\/podernacional.com\/index.php?rest_route=%2Fwp%2Fv2%2Ftags&post=10406"}],"curies":[{"name":"wp","href":"https:\/\/api.w.org\/{rel}","templated":true}]}}