{"id":10433,"date":"2022-11-12T14:09:44","date_gmt":"2022-11-12T19:09:44","guid":{"rendered":"https:\/\/podernacional.com\/?p=10433"},"modified":"2022-11-12T19:09:46","modified_gmt":"2022-11-12T19:09:46","slug":"torrejon-acoge-el-primer-festival-internacional-de-esculturas-de-hielo","status":"publish","type":"post","link":"https:\/\/podernacional.com\/?p=10433","title":{"rendered":"Torrej\u00f3n acoge el primer Festival Internacional de Esculturas de Hielo"},"content":{"rendered":"<h4>Pa\u00edses de todo el mundo participan en la competici\u00f3n<\/h4>\n<p>Torrej\u00f3n: Veintid\u00f3s escultores de hielo de diez pa\u00edses, entre ellos algunos de los mejores del mundo.<\/p>\n<p>Ademas de que\u00a0han comenzado a trabajar a siete grados bajo cero en las obras que competir\u00e1n en el I Festival Internacional de Hielo Madrid-Torrej\u00f3n.<\/p>\n<p>As\u00ed como\u00a0que podr\u00e1n verse en las M\u00e1gicas Navidades en Torrej\u00f3n de Ardoz hasta el pr\u00f3ximo 7 de enero.<\/p>\n<p>Las once parejas participantes disponen de un plazo de 7 d\u00edas para plasmar en hielo sus criaturas fant\u00e1sticas.<\/p>\n<p>Dicho\u00a0tema propuesto por la organizaci\u00f3n del festival, a partir de 15 bloques de hielo por equipo.<\/p>\n<p>Ademas que\u00a0con los que trabajar\u00e1n durante once horas al d\u00eda, hasta el pr\u00f3ximo viernes.<\/p>\n<h4>\u201cEn esta sala hay seis campeones del mundo, campeones de Europa, muchos campeones de sus respectivos pa\u00edses\u201d.<\/h4>\n<p>\u201cHay gente de muchas nacionalidades y eso se refleja en el estilo art\u00edstico de cada uno\u201d, se\u00f1ala a Efe Juan Carlos Arellano.<\/p>\n<p>El cual es director glaciar del I International Ice Festival de Torrej\u00f3n.<\/p>\n<p>Bien abrigados y motosierra en mano, once equipos en competici\u00f3n han comenzado a las 9.00 horas de esta ma\u00f1ana a dar forma a sus bocetos.<\/p>\n<p>\u201cTrabajar con hielo es muy especial, porque es un material muy duro y muy delicado al mismo tiempo, y tambi\u00e9n se derrite\u201d, indica Efe Arellano.<\/p>\n<p>El cual\u00a0a\u00f1ade que el p\u00fablico va a poder ver \u201ccosas incre\u00edbles hechas en hielo\u201d.<\/p>\n<p>Como dificultades a\u00f1adidas \u201cse trabaja bajo cero, resbala, todo pesa, todo corta y se trabaja con motosierras el 80 % de la pieza\u201d.<\/p>\n<p>Por lo que \u201ces un trabajo en el que hay que extremar la seguridad y las precauciones\u201d, explica el director del festival.<\/p>\n<p>La originalidad, la precisi\u00f3n, la proporci\u00f3n de las esculturas y la expresi\u00f3n son algunos de los criterios que el jurado tendr\u00e1 en cuenta.<\/p>\n<p>Dicho\u00a0para otorgar el pr\u00f3ximo s\u00e1bado 19 de noviembre los tres primeros premios, de 15.000, 10.000 y 5.000 euros.<\/p>\n<p>El festival cuenta adem\u00e1s con el aliciente especial de poder ver la obra de Junichi Nakamura, invitado especial junto a Shinichi Sawamura, que<\/p>\n<p>\u201cHa\u00a0ganado todas las competiciones que existen, ha ganado alrededor del mundo absolutamente todo y es un lujo tenerle en Torrej\u00f3n\u201d.<\/p>\n<p>Ademas de que, ha se\u00f1alado en la presentaci\u00f3n del evento Rafael Gonz\u00e1lez, comisario de la exposici\u00f3n.<\/p>\n","protected":false},"excerpt":{"rendered":"<p>Pa\u00edses de todo el mundo participan en la competici\u00f3n Torrej\u00f3n: Veintid\u00f3s escultores de hielo de diez pa\u00edses, entre ellos algunos de los mejores del mundo. Ademas de que\u00a0han comenzado a trabajar a siete grados bajo cero en las obras que competir\u00e1n en el I Festival Internacional de Hielo Madrid-Torrej\u00f3n. As\u00ed como\u00a0que podr\u00e1n verse en las [&hellip;]<\/p>\n","protected":false},"author":1,"featured_media":10435,"comment_status":"open","ping_status":"closed","sticky":false,"template":"","format":"standard","meta":{"footnotes":""},"categories":[2,5],"tags":[],"class_list":["post-10433","post","type-post","status-publish","format-standard","has-post-thumbnail","hentry","category-cultural","category-internacional"],"_links":{"self":[{"href":"https:\/\/podernacional.com\/index.php?rest_route=\/wp\/v2\/posts\/10433","targetHints":{"allow":["GET"]}}],"collection":[{"href":"https:\/\/podernacional.com\/index.php?rest_route=\/wp\/v2\/posts"}],"about":[{"href":"https:\/\/podernacional.com\/index.php?rest_route=\/wp\/v2\/types\/post"}],"author":[{"embeddable":true,"href":"https:\/\/podernacional.com\/index.php?rest_route=\/wp\/v2\/users\/1"}],"replies":[{"embeddable":true,"href":"https:\/\/podernacional.com\/index.php?rest_route=%2Fwp%2Fv2%2Fcomments&post=10433"}],"version-history":[{"count":1,"href":"https:\/\/podernacional.com\/index.php?rest_route=\/wp\/v2\/posts\/10433\/revisions"}],"predecessor-version":[{"id":10434,"href":"https:\/\/podernacional.com\/index.php?rest_route=\/wp\/v2\/posts\/10433\/revisions\/10434"}],"wp:featuredmedia":[{"embeddable":true,"href":"https:\/\/podernacional.com\/index.php?rest_route=\/wp\/v2\/media\/10435"}],"wp:attachment":[{"href":"https:\/\/podernacional.com\/index.php?rest_route=%2Fwp%2Fv2%2Fmedia&parent=10433"}],"wp:term":[{"taxonomy":"category","embeddable":true,"href":"https:\/\/podernacional.com\/index.php?rest_route=%2Fwp%2Fv2%2Fcategories&post=10433"},{"taxonomy":"post_tag","embeddable":true,"href":"https:\/\/podernacional.com\/index.php?rest_route=%2Fwp%2Fv2%2Ftags&post=10433"}],"curies":[{"name":"wp","href":"https:\/\/api.w.org\/{rel}","templated":true}]}}