{"id":10436,"date":"2022-11-12T14:15:31","date_gmt":"2022-11-12T19:15:31","guid":{"rendered":"https:\/\/podernacional.com\/?p=10436"},"modified":"2022-11-12T19:15:32","modified_gmt":"2022-11-12T19:15:32","slug":"la-presidenta-de-cozumel-vela-para-que-cozumelenos-tramiten-su-pasaporte-en-la-isla","status":"publish","type":"post","link":"https:\/\/podernacional.com\/?p=10436","title":{"rendered":"La presidenta de Cozumel vela para que cozumele\u00f1os tramiten su pasaporte en la isla"},"content":{"rendered":"<h4>Para evitar que los habitantes de Cozumel viajen a Playa del Carmen o Canc\u00fan para tramitar sus pasaportes, <a href=\"https:\/\/twitter.com\/junitacozumel\">Juanita Alonso Marrufo<\/a>.<\/h4>\n<p>La presidenta de Cozumel: As\u00ed como la presidenta municipal de esta isla, sostuvo una reuni\u00f3n de trabajo con Lorena Caraveo Acosta.<\/p>\n<p>La cual\u00a0quien es la directora de oficina de estos documentos en la ciudad de Canc\u00fan.<\/p>\n<p>Ademas con quien plane\u00f3 la pr\u00f3xima apertura de una Oficina municipal de enlaces (OME) con la Secretar\u00eda de Relaciones Exteriores (SRE) en la isla.<\/p>\n<p>En esta reuni\u00f3n tambi\u00e9n se hizo presente el director de Turismo y Desarrollo Econ\u00f3mico, Badih Sleme Flores.<\/p>\n<p>La cual es\u00a0la mun\u00edcipe agradeci\u00f3 el compromiso de venir a la Isla de Cozumel para la apertura de esta oficina.<\/p>\n<h4>As\u00ed como\u00a0la cual ahorrar\u00e1 tiempo y dinero a los isle\u00f1os en la obtenci\u00f3n de estos documentos que les permite salir o ingresar al pa\u00eds.<\/h4>\n<p>Esta gesti\u00f3n es una muestra del trabajo en conjunto que se lleva a cabo con la gobernadora del Estado de Quintana Roo.<\/p>\n<p>Con esto Mara Lezama y Carlos Alfonso Candelaria quien es el director general de la Oficina de pasaportes de la Secretar\u00eda de Relaciones Exteriores (SRE)<\/p>\n<p>Mara Lezama, en conjunto de la directora de oficina de pasaportes en Canc\u00fan y el director de Turismo y Desarrollo Econ\u00f3mico.<\/p>\n<p>Los cuales\u00a0recorrieron los pasillos de la Plaza del Sol para verificar los locales.<\/p>\n<p>As\u00ed como de decidir el que m\u00e1s se apegue a las necesidades de la misma.<\/p>\n<p>Esto\u00a0a fin de brindar las facilidades para la instalaci\u00f3n de esta oficina de pasaportes.<\/p>\n<p>La presidenta de Cozumel vela para que cozumele\u00f1os tramiten su pasaporte en la isla<\/p>\n","protected":false},"excerpt":{"rendered":"<p>Para evitar que los habitantes de Cozumel viajen a Playa del Carmen o Canc\u00fan para tramitar sus pasaportes, Juanita Alonso Marrufo. La presidenta de Cozumel: As\u00ed como la presidenta municipal de esta isla, sostuvo una reuni\u00f3n de trabajo con Lorena Caraveo Acosta. La cual\u00a0quien es la directora de oficina de estos documentos en la ciudad [&hellip;]<\/p>\n","protected":false},"author":1,"featured_media":10438,"comment_status":"open","ping_status":"closed","sticky":false,"template":"","format":"standard","meta":{"footnotes":""},"categories":[6,10],"tags":[],"class_list":["post-10436","post","type-post","status-publish","format-standard","has-post-thumbnail","hentry","category-local","category-quintana-roo"],"_links":{"self":[{"href":"https:\/\/podernacional.com\/index.php?rest_route=\/wp\/v2\/posts\/10436","targetHints":{"allow":["GET"]}}],"collection":[{"href":"https:\/\/podernacional.com\/index.php?rest_route=\/wp\/v2\/posts"}],"about":[{"href":"https:\/\/podernacional.com\/index.php?rest_route=\/wp\/v2\/types\/post"}],"author":[{"embeddable":true,"href":"https:\/\/podernacional.com\/index.php?rest_route=\/wp\/v2\/users\/1"}],"replies":[{"embeddable":true,"href":"https:\/\/podernacional.com\/index.php?rest_route=%2Fwp%2Fv2%2Fcomments&post=10436"}],"version-history":[{"count":1,"href":"https:\/\/podernacional.com\/index.php?rest_route=\/wp\/v2\/posts\/10436\/revisions"}],"predecessor-version":[{"id":10437,"href":"https:\/\/podernacional.com\/index.php?rest_route=\/wp\/v2\/posts\/10436\/revisions\/10437"}],"wp:featuredmedia":[{"embeddable":true,"href":"https:\/\/podernacional.com\/index.php?rest_route=\/wp\/v2\/media\/10438"}],"wp:attachment":[{"href":"https:\/\/podernacional.com\/index.php?rest_route=%2Fwp%2Fv2%2Fmedia&parent=10436"}],"wp:term":[{"taxonomy":"category","embeddable":true,"href":"https:\/\/podernacional.com\/index.php?rest_route=%2Fwp%2Fv2%2Fcategories&post=10436"},{"taxonomy":"post_tag","embeddable":true,"href":"https:\/\/podernacional.com\/index.php?rest_route=%2Fwp%2Fv2%2Ftags&post=10436"}],"curies":[{"name":"wp","href":"https:\/\/api.w.org\/{rel}","templated":true}]}}