{"id":10439,"date":"2022-11-12T14:25:20","date_gmt":"2022-11-12T19:25:20","guid":{"rendered":"https:\/\/podernacional.com\/?p=10439"},"modified":"2022-11-12T19:25:21","modified_gmt":"2022-11-12T19:25:21","slug":"zacatecas-ejemplo-nacional-de-coordinacion-entre-los-ordenes-de-gobierno-que-da-resultados-en-seguridad-secretaria-ejecutiva-del-sistema-nacional-de-seguridad-publica","status":"publish","type":"post","link":"https:\/\/podernacional.com\/?p=10439","title":{"rendered":"Zacatecas, ejemplo nacional de coordinaci\u00f3n entre los \u00f3rdenes de gobierno que da resultados en seguridad: Secretaria Ejecutiva del Sistema Nacional de Seguridad P\u00fablica"},"content":{"rendered":"<h4>La funcionaria federal y el Gobernador David Monreal \u00c1vila encabezaron la segunda sesi\u00f3n ordinaria del Consejo Estatal de Seguridad P\u00fablica<\/h4>\n<p>Ejemplo nacional: Se present\u00f3 el Proyecto de Programa Estatal de Seguridad P\u00fablica 2022-2027.<\/p>\n<p>As\u00ed como\u00a0de inmediato, se sumaron a \u00e9l los representantes de los poderes Legislativo y Judicial, as\u00ed como la iniciativa privada<\/p>\n<p>El Gobernador propuso que se abra una amplia discusi\u00f3n para enriquecerlo.<\/p>\n<p>Lugar donde se escuche a todos los sectores sociales de Zacatecas, porque todos tenemos mucho qu\u00e9 aportar, dijo<\/p>\n<p>Zacatecas est\u00e1 por debajo de la media nacional con una reducci\u00f3n de -42% en secuestro, -15% en el homicidios.<\/p>\n<p>As\u00ed en cada uno de los delitos: Flores Carrales<\/p>\n<p>Esto con el pleno reconocimiento del Gobierno de M\u00e9xico para Zacatecas, como ejemplo nacional por la coordinaci\u00f3n alcanzada entre los \u00f3rdenes de gobierno<\/p>\n<p>Ademas\u00a0que ha dado como resultado no s\u00f3lo la contenci\u00f3n, sino la disminuci\u00f3n en los \u00edndices delictivos.<\/p>\n<h4>As\u00ed como el compromiso de continuidad en el respaldo para la entidad, Clara Luz Flores Carrales.<\/h4>\n<p>Al igual que de la secretaria ejecutiva del Sistema Nacional de Seguridad P\u00fablica.<\/p>\n<p>Por ende\u00a0el Gobernador David Monreal \u00c1vila encabezaron la segunda sesi\u00f3n ordinaria del Consejo Estatal de Seguridad P\u00fablica.<\/p>\n<p>\u201cZacatecas ha visto resultados, el esfuerzo que ustedes est\u00e1n haciendo, encabezado por el Gobernador David Monreal, es evidente\u201d.<\/p>\n<p>\u201cAntes, Zacatecas se perfilaba siempre en los tres primeros lugares, hoy estamos por debajo de la media nacional\u201d.<\/p>\n<p>\u201cAdemas de que\u00a0hubo una reducci\u00f3n de menos el 42 por ciento en el secuestro\u201d.<\/p>\n<p>\u201cEsto\u00a0menos el 15 por ciento en el homicidio y as\u00ed en cada uno de los delitos pero, obviamente, nos falta\u201d, dijo Flores Carrales.<\/p>\n<p>Destac\u00f3 que, dicha colaboraci\u00f3n se ha dado a trav\u00e9s de los consejos intermunicipales de seguridad p\u00fablica.<\/p>\n<p>Ademas de que son ejemplo nacional en la coordinaci\u00f3n del Gobierno del Estado con los municipios.<\/p>\n<h4>Lugar donde la administraci\u00f3n estatal pone a disposici\u00f3n los recursos del Fondo de Aportaciones para la Seguridad P\u00fablica (FASP).<\/h4>\n<p>As\u00ed como de\u00a0los municipios aportan una parte similar.<\/p>\n<p>Los resultados se ven reflejados y son producto de estas acciones, a\u00f1adi\u00f3 la Secretaria Ejecutiva del Sistema Nacional de SP.<\/p>\n<p>Ademas que por eso, es tan importante seguir fortaleciendo las iniciativas, la aplicaci\u00f3n de recursos, las ideas innovadoras.<\/p>\n<p>Al igual que\u00a0para seguir transformando la realidad de Zacatecas y del pa\u00eds.<\/p>\n<p>La funcionaria federal exhort\u00f3 a las y los integrantes del Consejo a que sigan comprometidos.<\/p>\n<p>As\u00ed como de que\u00a0trabajen de la mano con el mandatario estatal, en la b\u00fasqueda de la innovaci\u00f3n en materia de seguridad,\u00a0de nuevas estrategias.<\/p>\n<p>Asimismo, subray\u00f3 el compromiso de la Secretar\u00eda de Seguridad Ciudadana y del Secretariado Ejecutivo en este esfuerzo compartido.<\/p>\n<p>Ademas que\u00a0para atraer recursos y respaldo que ayude a construir la paz que tanto merece Zacatecas.<\/p>\n<p>Presentan Proyecto de Programa Estatal de Seguridad P\u00fablica<\/p>\n","protected":false},"excerpt":{"rendered":"<p>La funcionaria federal y el Gobernador David Monreal \u00c1vila encabezaron la segunda sesi\u00f3n ordinaria del Consejo Estatal de Seguridad P\u00fablica Ejemplo nacional: Se present\u00f3 el Proyecto de Programa Estatal de Seguridad P\u00fablica 2022-2027. As\u00ed como\u00a0de inmediato, se sumaron a \u00e9l los representantes de los poderes Legislativo y Judicial, as\u00ed como la iniciativa privada El Gobernador [&hellip;]<\/p>\n","protected":false},"author":1,"featured_media":10441,"comment_status":"open","ping_status":"closed","sticky":false,"template":"","format":"standard","meta":{"footnotes":""},"categories":[7,9],"tags":[],"class_list":["post-10439","post","type-post","status-publish","format-standard","has-post-thumbnail","hentry","category-nacional","category-politica"],"_links":{"self":[{"href":"https:\/\/podernacional.com\/index.php?rest_route=\/wp\/v2\/posts\/10439","targetHints":{"allow":["GET"]}}],"collection":[{"href":"https:\/\/podernacional.com\/index.php?rest_route=\/wp\/v2\/posts"}],"about":[{"href":"https:\/\/podernacional.com\/index.php?rest_route=\/wp\/v2\/types\/post"}],"author":[{"embeddable":true,"href":"https:\/\/podernacional.com\/index.php?rest_route=\/wp\/v2\/users\/1"}],"replies":[{"embeddable":true,"href":"https:\/\/podernacional.com\/index.php?rest_route=%2Fwp%2Fv2%2Fcomments&post=10439"}],"version-history":[{"count":1,"href":"https:\/\/podernacional.com\/index.php?rest_route=\/wp\/v2\/posts\/10439\/revisions"}],"predecessor-version":[{"id":10440,"href":"https:\/\/podernacional.com\/index.php?rest_route=\/wp\/v2\/posts\/10439\/revisions\/10440"}],"wp:featuredmedia":[{"embeddable":true,"href":"https:\/\/podernacional.com\/index.php?rest_route=\/wp\/v2\/media\/10441"}],"wp:attachment":[{"href":"https:\/\/podernacional.com\/index.php?rest_route=%2Fwp%2Fv2%2Fmedia&parent=10439"}],"wp:term":[{"taxonomy":"category","embeddable":true,"href":"https:\/\/podernacional.com\/index.php?rest_route=%2Fwp%2Fv2%2Fcategories&post=10439"},{"taxonomy":"post_tag","embeddable":true,"href":"https:\/\/podernacional.com\/index.php?rest_route=%2Fwp%2Fv2%2Ftags&post=10439"}],"curies":[{"name":"wp","href":"https:\/\/api.w.org\/{rel}","templated":true}]}}