{"id":10448,"date":"2022-11-14T21:04:23","date_gmt":"2022-11-15T02:04:23","guid":{"rendered":"https:\/\/podernacional.com\/?p=10448"},"modified":"2022-11-15T02:04:25","modified_gmt":"2022-11-15T02:04:25","slug":"fimm-2022-festival-internacional-de-mujeres-musicas","status":"publish","type":"post","link":"https:\/\/podernacional.com\/?p=10448","title":{"rendered":"FIMM 2022: Festival Internacional de Mujeres M\u00fasicas"},"content":{"rendered":"<h4>Un festival que se crea ante la necesidad de generar espacios seguros para las mujeres y las disidencias.<\/h4>\n<p>FIMM 2022: El Festival Internacional de Mujeres M\u00fasicas se cre\u00f3 durante la pandemia en el 2020, su primera edici\u00f3n llev\u00f3 el nombre de Lawen.<\/p>\n<p>Ademas de que\u00a0se realiz\u00f3 de forma completamente online para hacerle frente a la crisis en el sector cultural derivada de la pandemia.<\/p>\n<p>As\u00ed como\u00a0la suspensi\u00f3n de actividades art\u00edsticas de forma presencial.<\/p>\n<p>Esta iniciativa se enfoc\u00f3 en la visibilizaci\u00f3n de mujeres m\u00fasicas y el cultivo del bienestar.<\/p>\n<p>En esta ocasi\u00f3n, el festival ofrecer\u00e1 una nueva edici\u00f3n manteniendo su prop\u00f3sito principal de visibilizar el trabajo de m\u00fasicas y creadoras.<\/p>\n<p>Adem\u00e1s de abrir nuevos espacios en la profesionalizaci\u00f3n de las mujeres y comunidad LGTBQ+, en una industria que hasta ahora ha carecido de equidad.<\/p>\n<p>&nbsp;<\/p>\n<h4>El FIMM de este a\u00f1o por primera vez se realizar\u00e1 de manera presencial en la ciudad de Concepci\u00f3n, Chile.<\/h4>\n<p>El festival promocionar\u00e1 talleres facilitados por mujeres y disidencias especialistas en \u00e1reas como:<\/p>\n<p>Derechos de autor, internacionalizaci\u00f3n de proyectos musicales, \u00a0desarrollo esc\u00e9nico y otros. Adem\u00e1s de otras actividades que tienen relaci\u00f3n con el muralismo y la poes\u00eda.<\/p>\n<p>La cita son los d\u00edas 5 al 10 de diciembre, el cierre tendr\u00e1 lugar en el Parque Ecuador.<\/p>\n<p>Al igual de que constar\u00e1 de una feria de creadoras y una serie de conciertos (FIMM 2022).<\/p>\n<p>Sin embargo, si no te encuentras en Chile, la buena noticia es que algunas de las actividades;\u00a0eventos se transmitir\u00e1n en l\u00ednea de manera gratuita.<\/p>\n<p>La cartelera musical es una mezcla de g\u00e9neros diversos que van desde el jazz hasta el trap, hip hop y m\u00e1s, con cantantes como:<\/p>\n<p>Rebeca Lane, Marrasa, Marineros, Camila Vaccaro, Bandita La Inquieta, Cecilia Guti\u00e9rrez, Ariana Riffo, Javi Urra y Mari Silva.<\/p>\n<p>Para m\u00e1s informaci\u00f3n sobre los talleres y eventos no olvides revisar sus redes sociales.<\/p>\n","protected":false},"excerpt":{"rendered":"<p>Un festival que se crea ante la necesidad de generar espacios seguros para las mujeres y las disidencias. FIMM 2022: El Festival Internacional de Mujeres M\u00fasicas se cre\u00f3 durante la pandemia en el 2020, su primera edici\u00f3n llev\u00f3 el nombre de Lawen. Ademas de que\u00a0se realiz\u00f3 de forma completamente online para hacerle frente a la [&hellip;]<\/p>\n","protected":false},"author":1,"featured_media":10450,"comment_status":"open","ping_status":"closed","sticky":false,"template":"","format":"standard","meta":{"footnotes":""},"categories":[2,5],"tags":[],"class_list":["post-10448","post","type-post","status-publish","format-standard","has-post-thumbnail","hentry","category-cultural","category-internacional"],"_links":{"self":[{"href":"https:\/\/podernacional.com\/index.php?rest_route=\/wp\/v2\/posts\/10448","targetHints":{"allow":["GET"]}}],"collection":[{"href":"https:\/\/podernacional.com\/index.php?rest_route=\/wp\/v2\/posts"}],"about":[{"href":"https:\/\/podernacional.com\/index.php?rest_route=\/wp\/v2\/types\/post"}],"author":[{"embeddable":true,"href":"https:\/\/podernacional.com\/index.php?rest_route=\/wp\/v2\/users\/1"}],"replies":[{"embeddable":true,"href":"https:\/\/podernacional.com\/index.php?rest_route=%2Fwp%2Fv2%2Fcomments&post=10448"}],"version-history":[{"count":1,"href":"https:\/\/podernacional.com\/index.php?rest_route=\/wp\/v2\/posts\/10448\/revisions"}],"predecessor-version":[{"id":10449,"href":"https:\/\/podernacional.com\/index.php?rest_route=\/wp\/v2\/posts\/10448\/revisions\/10449"}],"wp:featuredmedia":[{"embeddable":true,"href":"https:\/\/podernacional.com\/index.php?rest_route=\/wp\/v2\/media\/10450"}],"wp:attachment":[{"href":"https:\/\/podernacional.com\/index.php?rest_route=%2Fwp%2Fv2%2Fmedia&parent=10448"}],"wp:term":[{"taxonomy":"category","embeddable":true,"href":"https:\/\/podernacional.com\/index.php?rest_route=%2Fwp%2Fv2%2Fcategories&post=10448"},{"taxonomy":"post_tag","embeddable":true,"href":"https:\/\/podernacional.com\/index.php?rest_route=%2Fwp%2Fv2%2Ftags&post=10448"}],"curies":[{"name":"wp","href":"https:\/\/api.w.org\/{rel}","templated":true}]}}